{"id":1656,"date":"2018-06-07T15:46:34","date_gmt":"2018-06-07T18:46:34","guid":{"rendered":"https:\/\/tvnovelas.com.br\/news\/mundo\/?p=1656"},"modified":"2018-06-07T16:07:17","modified_gmt":"2018-06-07T19:07:17","slug":"cadastramento-escolar-2019-comeca-segunda-feira-dia-11","status":"publish","type":"post","link":"https:\/\/tvnovelas.com.br\/news\/cadastramento-escolar-2019-comeca-segunda-feira-dia-11\/","title":{"rendered":"Cadastramento Escolar 2019 come\u00e7a segunda-feira, dia 11"},"content":{"rendered":"<p>O Cadastramento Escolar para crian\u00e7as e jovens que desejam ingressar no ensino fundamental da rede p\u00fablica de ensino em 2019 ser\u00e1 realizado entre os dias 11 e 22 de junho, confome divulgado hoje pela Secretaria de Estado da Educa\u00e7\u00e3o.<\/p>\n<p>Unificado para as redes municipais e estadual de Minas Gerais, o cadastro \u00e9 fundamental para o aluno garantir uma vaga em uma escola pr\u00f3xima de sua resid\u00eancia. O Cadastramento em todo o Estado dever\u00e1 ser feito pela internet, no site da\u00a0Secretaria de Estado de Educa\u00e7\u00e3o (SEE). No caso dos\u00a0estudantes da capital, o cadastro dever\u00e1 ser realizado no portal da\u00a0Prefeitura Municipal de Belo Horizonte (PBH).<\/p>\n<p>Podem se inscrever no cadastramento: as crian\u00e7as que completarem seis anos at\u00e9 30 de junho de 2019; os candidatos a uma vaga nos demais anos ou ciclos do ensino fundamental nas redes p\u00fablicas de ensino (transferidos de unidades particulares ou de outra localidade ou ainda que desejam retomar os estudos no ensino regular); e os candidatos ao curso de Educa\u00e7\u00e3o de Jovens e Adultos (EJA). N\u00e3o dever\u00e1 inscrever-se no Cadastro Escolar o aluno j\u00e1 matriculado no ensino fundamental nas redes p\u00fablicas.<\/p>\n<p>A inscri\u00e7\u00e3o do candidato dever\u00e1 ser realizada pelo pai, m\u00e3e ou respons\u00e1vel que seja maior de 18 anos. Os jovens maiores de 18 poder\u00e3o fazer a sua pr\u00f3pria inscri\u00e7\u00e3o. O cadastramento para os candidatos com defici\u00eancia, transtornos globais do desenvolvimento e altas habilidades\/superdota\u00e7\u00e3o tamb\u00e9m ser\u00e1 realizado atrav\u00e9s de formul\u00e1rio eletr\u00f4nico disponibilizado na Internet, no portal da SEE. A inscri\u00e7\u00e3o \u00e9 isenta de pagamento de taxas por parte do candidato.<\/p>\n<p>Os pais ou respons\u00e1veis poder\u00e3o acessar o portal da Secretaria de Educa\u00e7\u00e3o de qualquer computador ou dispositivos m\u00f3veis com acesso \u00e0 Internet para cadastrar o candidato. Aqueles que n\u00e3o t\u00eam acesso \u00e0 Internet podem procurar a Secretaria Municipal de Educa\u00e7\u00e3o do seu munic\u00edpio.<\/p>\n<h3>Coment\u00e1rio<\/h3>\n<div class=\"fb-comments\" data-href=\"https:\/\/tvnovelas.com.br\/news\/mundo\/noticias\/1656\" data-width=\"100%\" data-order-by=\"reverse_time\" data-numposts=\"10\"><\/div>\n","protected":false},"excerpt":{"rendered":"<p>O Cadastramento Escolar para crian\u00e7as e jovens que desejam ingressar no ensino fundamental da rede p\u00fablica de ensino em 2019 ser\u00e1 realizado entre os dias 11 e 22 de junho, confome divulgado hoje pela Secretaria de Estado da Educa\u00e7\u00e3o. Unificado para as redes municipais e estadual de Minas Gerais, o cadastro \u00e9 fundamental para o&#8230;<\/p>\n","protected":false},"author":1,"featured_media":0,"comment_status":"closed","ping_status":"closed","sticky":false,"template":"","format":"standard","meta":{"_monsterinsights_skip_tracking":false,"_monsterinsights_sitenote_active":false,"_monsterinsights_sitenote_note":"","_monsterinsights_sitenote_category":0,"magazine_newspaper_sidebar_layout":"","footnotes":"","jetpack_publicize_message":"","jetpack_publicize_feature_enabled":true,"jetpack_social_post_already_shared":false,"jetpack_social_options":{"image_generator_settings":{"template":"highway","default_image_id":0,"font":"","enabled":false},"version":2}},"categories":[1],"tags":[26,16],"class_list":["post-1656","post","type-post","status-publish","format-standard","hentry","category-blog","tag-educacao","tag-geral"],"aioseo_notices":[],"jetpack_publicize_connections":[],"jetpack_featured_media_url":"","jetpack_sharing_enabled":true,"jetpack_likes_enabled":true,"jetpack-related-posts":[],"jetpack_shortlink":"https:\/\/wp.me\/pfB4mB-qI","_links":{"self":[{"href":"https:\/\/tvnovelas.com.br\/news\/wp-json\/wp\/v2\/posts\/1656","targetHints":{"allow":["GET"]}}],"collection":[{"href":"https:\/\/tvnovelas.com.br\/news\/wp-json\/wp\/v2\/posts"}],"about":[{"href":"https:\/\/tvnovelas.com.br\/news\/wp-json\/wp\/v2\/types\/post"}],"author":[{"embeddable":true,"href":"https:\/\/tvnovelas.com.br\/news\/wp-json\/wp\/v2\/users\/1"}],"replies":[{"embeddable":true,"href":"https:\/\/tvnovelas.com.br\/news\/wp-json\/wp\/v2\/comments?post=1656"}],"version-history":[{"count":2,"href":"https:\/\/tvnovelas.com.br\/news\/wp-json\/wp\/v2\/posts\/1656\/revisions"}],"predecessor-version":[{"id":1658,"href":"https:\/\/tvnovelas.com.br\/news\/wp-json\/wp\/v2\/posts\/1656\/revisions\/1658"}],"wp:attachment":[{"href":"https:\/\/tvnovelas.com.br\/news\/wp-json\/wp\/v2\/media?parent=1656"}],"wp:term":[{"taxonomy":"category","embeddable":true,"href":"https:\/\/tvnovelas.com.br\/news\/wp-json\/wp\/v2\/categories?post=1656"},{"taxonomy":"post_tag","embeddable":true,"href":"https:\/\/tvnovelas.com.br\/news\/wp-json\/wp\/v2\/tags?post=1656"}],"curies":[{"name":"wp","href":"https:\/\/api.w.org\/{rel}","templated":true}]}}