{"id":1625,"date":"2018-05-26T12:07:53","date_gmt":"2018-05-26T15:07:53","guid":{"rendered":"https:\/\/tvnovelas.com.br\/news\/mundo\/?p=1625"},"modified":"2018-05-26T12:12:42","modified_gmt":"2018-05-26T15:12:42","slug":"nova-tarifa-da-cemig-entra-em-vigor-nesta-segunda-dia-28","status":"publish","type":"post","link":"https:\/\/tvnovelas.com.br\/news\/nova-tarifa-da-cemig-entra-em-vigor-nesta-segunda-dia-28\/","title":{"rendered":"Nova tarifa da Cemig entra em vigor nesta segunda,  dia 28"},"content":{"rendered":"<p>A Ag\u00eancia Nacional de Energia El\u00e9trica (Aneel) homologou, em reuni\u00e3o p\u00fablica da diretoria\u00a0realizada ter\u00e7a-feira, dia 22,  as novas tarifas da Cemig durante o ciclo da 4\u00aa Revis\u00e3o Tarif\u00e1ria da empresa. O \u00edndice determinado para os consumidores residenciais da empresa \u00e9 de 18,53% e passar\u00e1 a vigorar a partir da pr\u00f3xima segunda-feira, 28 de maio. No ano passado, as tarifas da Cemig tiveram uma redu\u00e7\u00e3o m\u00e9dia de 10,66%, conforme definido pela Aneel na ocasi\u00e3o, segundo a empresa.\u00a0\u00a0\u00a0 <\/p>\n<p>O \u00edndice m\u00e9dio do reajuste para os consumidores definido pela Aneel foi de 23,19%. J\u00e1 os clientes atendidos em alta tens\u00e3o (clientes industriais e comerciais de m\u00e9dio e grande porte) ter\u00e3o as contas reajustadas em 35,56%. Em 2017, esses clientes tiveram uma redu\u00e7\u00e3o m\u00e9dia da tarifa de 21,04%. <\/p>\n<p>O gerente de Tarifas da Cemig, Giordano de Pinho Matos, afirma que mais de 80% do reajuste definido pela Aneel se refere a itens que n\u00e3o est\u00e3o sob a gest\u00e3o da companhia. \u00a0O estado cr\u00edtico dos reservat\u00f3rios brasileiros influenciou o pre\u00e7o do custo da energia\u00a0e refletiu na decis\u00e3o da Aneel para a tarifa da empresa. <\/p>\n<p>\u201cA maior parte do \u00edndice se refere ao alto custo de compra da energia\u00a0em fun\u00e7\u00e3o do baixo n\u00edvel dos reservat\u00f3rios brasileiros nos \u00faltimos anos, especialmente no segundo semestre de 2017. Al\u00e9m disso, o acionamento das usinas t\u00e9rmicas contribuiu para elevar ainda mais o custo\u00a0de gera\u00e7\u00e3o no pa\u00eds. As usinas t\u00e9rmicas utilizam combust\u00edveis f\u00f3sseis, o que torna a gera\u00e7\u00e3o de energia mais cara. O mecanismo das bandeiras tarif\u00e1rias, que tem o objetivo de cobrir parte desses custos, n\u00e3o foi suficiente e a companhia teve uma despesa adicional superior a R$1 bilh\u00e3o para garantir o fornecimento de energia dos consumidores mineiros\u201d, explicou. Giordano de Pinho Matos,<\/p>\n<p>Ele tamb\u00e9m destaca outros fatores que impactaram a decis\u00e3o da Aneel no reajuste das tarifas dos mineiros. \u201cAl\u00e9m do custo da energia do pa\u00eds que foi muito elevado, h\u00e1 o custo de transporte e os encargos setoriais que interferem na tarifa. Do valor total do reajuste m\u00e9dio (23,19%) definido pela Aneel, apenas 4,30% ficam com a Cemig Distribui\u00e7\u00e3o \u201d, afirma. <\/p>\n<div class=\"fb-comments\" data-href=\"https:\/\/tvnovelas.com.br\/news\/mundo\/noticias\/1625\" data-width=\"100%\" data-order-by=\"reverse_time\" data-numposts=\"10\"><\/div>\n","protected":false},"excerpt":{"rendered":"<p>A Ag\u00eancia Nacional de Energia El\u00e9trica (Aneel) homologou, em reuni\u00e3o p\u00fablica da diretoria\u00a0realizada ter\u00e7a-feira, dia 22, as novas tarifas da Cemig durante o ciclo da 4\u00aa Revis\u00e3o Tarif\u00e1ria da empresa. O \u00edndice determinado para os consumidores residenciais da empresa \u00e9 de 18,53% e passar\u00e1 a vigorar a partir da pr\u00f3xima segunda-feira, 28 de maio. No&#8230;<\/p>\n","protected":false},"author":1,"featured_media":0,"comment_status":"closed","ping_status":"closed","sticky":false,"template":"","format":"standard","meta":{"_monsterinsights_skip_tracking":false,"_monsterinsights_sitenote_active":false,"_monsterinsights_sitenote_note":"","_monsterinsights_sitenote_category":0,"magazine_newspaper_sidebar_layout":"","footnotes":"","jetpack_publicize_message":"","jetpack_publicize_feature_enabled":true,"jetpack_social_post_already_shared":false,"jetpack_social_options":{"image_generator_settings":{"template":"highway","default_image_id":0,"font":"","enabled":false},"version":2}},"categories":[1],"tags":[15,16],"class_list":["post-1625","post","type-post","status-publish","format-standard","hentry","category-blog","tag-economia","tag-geral"],"aioseo_notices":[],"jetpack_publicize_connections":[],"jetpack_featured_media_url":"","jetpack_sharing_enabled":true,"jetpack_likes_enabled":true,"jetpack-related-posts":[],"jetpack_shortlink":"https:\/\/wp.me\/pfB4mB-qd","_links":{"self":[{"href":"https:\/\/tvnovelas.com.br\/news\/wp-json\/wp\/v2\/posts\/1625","targetHints":{"allow":["GET"]}}],"collection":[{"href":"https:\/\/tvnovelas.com.br\/news\/wp-json\/wp\/v2\/posts"}],"about":[{"href":"https:\/\/tvnovelas.com.br\/news\/wp-json\/wp\/v2\/types\/post"}],"author":[{"embeddable":true,"href":"https:\/\/tvnovelas.com.br\/news\/wp-json\/wp\/v2\/users\/1"}],"replies":[{"embeddable":true,"href":"https:\/\/tvnovelas.com.br\/news\/wp-json\/wp\/v2\/comments?post=1625"}],"version-history":[{"count":3,"href":"https:\/\/tvnovelas.com.br\/news\/wp-json\/wp\/v2\/posts\/1625\/revisions"}],"predecessor-version":[{"id":1628,"href":"https:\/\/tvnovelas.com.br\/news\/wp-json\/wp\/v2\/posts\/1625\/revisions\/1628"}],"wp:attachment":[{"href":"https:\/\/tvnovelas.com.br\/news\/wp-json\/wp\/v2\/media?parent=1625"}],"wp:term":[{"taxonomy":"category","embeddable":true,"href":"https:\/\/tvnovelas.com.br\/news\/wp-json\/wp\/v2\/categories?post=1625"},{"taxonomy":"post_tag","embeddable":true,"href":"https:\/\/tvnovelas.com.br\/news\/wp-json\/wp\/v2\/tags?post=1625"}],"curies":[{"name":"wp","href":"https:\/\/api.w.org\/{rel}","templated":true}]}}