{"id":1545,"date":"2018-05-02T12:08:53","date_gmt":"2018-05-02T15:08:53","guid":{"rendered":"https:\/\/tvnovelas.com.br\/news\/mundo\/?p=1545"},"modified":"2018-05-02T12:20:15","modified_gmt":"2018-05-02T15:20:15","slug":"papa-francisco-nomeia-novo-arcebispo-de-mariana","status":"publish","type":"post","link":"https:\/\/tvnovelas.com.br\/news\/papa-francisco-nomeia-novo-arcebispo-de-mariana\/","title":{"rendered":"Papa Francisco nomeia novo arcebispo de Mariana"},"content":{"rendered":"<p>Na semana passada, a Nunciatura Apost\u00f3lica do Brasil, em Bras\u00edlia, anunciou que o papa Francisco nomeou o novo arcebispo de Mariana, dom A\u00edrton Jos\u00e9 dos Santos, arcebispo de Campinas (SP) em substitui\u00e7\u00e3o ao arcebispo marianense dom Geraldo Lyrio Rocha. Ele solicitara ao papa Francisco a sua ren\u00fancia ao arcebispado de Mariana, ano passado, ap\u00f3s completar 75 anos de idade, o que equivale \u00e0 sua aposentadoria compuls\u00f3ria. Dom Airton Jos\u00e9 dos Santos, administrador diocesano de Campina, nasceu em Minas Gerais no dia 25 de junho de 1956 na cidade de Bom Repouso (MG). \u00c9 o primeiro filho do casal Jos\u00e9 Juli\u00e3o dos Santos e Benedita Vieira Fonseca. Em 1964, a sua fam\u00edlia mudou-se para a Vila Vivaldi, em S\u00e3o Bernardo do Campo  (SP). Paulista, onde permaneceram at\u00e9 1967 quando se mudaram para a Vila Sacadura Cabral, na cidade de Santo Andr\u00e9 (SP). Em 1979, aos 23 anos, o jovem Airton dos Santos, ingressou no Semin\u00e1rio da Diocese de Santo Andr\u00e9, realizando o curso de Filosofia no per\u00edodo de 1979 a 1981, nas Faculdades Associadas do Ipiranga (FAI) em S\u00e3o Paulo obtendo o t\u00edtulo e bacharel em Filosofia  com Licenciatura Plena. No ano seguinte, em 1982, ingressou  no curso de Teologia na  Pontif\u00edcia Faculade de Teologia Nossa Senhora da Assun\u00e7\u00e3o , no Ipiranga, em S\u00e3o Paulo. Foi ordenado sacerdote (presb\u00edtero) no dia 8 de dezembro de 1985. Ap\u00f3s ocupar v\u00e1rias par\u00f3quias em Diadema (SP), no per\u00edodo de agosto de 1998 a junho de 2000, permaneceu em Roma (It\u00e1lia), residindo no Pontif\u00edcio Col\u00e9gio Pio Brasileiro, onde obteve o t\u00edtulo de Mestre em Direito Can\u00f4nico pela Pontif\u00edcia Universidade Gregoriana de Roma. Em 2001 foi nomeado pelo papa Jo\u00e3o Paulo II como bispo titular de &#8220;Felbes&#8221; e auxiliar para a Diocese Santo Andr\u00e9 e em 2004 foi nomeado bispo da diocese de Mogi das Cruzes. Em 2012, o papa Bento XVI nomeou o bispo dom Airton dos Santos o 7\u00ba bispo e 5\u00ba arcebispo de Campinas (SP) de onde vir\u00e1 como novo arcebispo de Mariana no dia 23 de junho, quando tomar\u00e1 posse.<br \/>\n<em>*Leonel Marques<\/em><\/p>\n<h3>Coment\u00e1rio<\/h3>\n<div class=\"fb-comments\" data-href=\"https:\/\/tvnovelas.com.br\/news\/mundo\/noticias\/1545\" data-width=\"100%\" data-order-by=\"reverse_time\" data-numposts=\"10\"><\/div>\n","protected":false},"excerpt":{"rendered":"<p>Na semana passada, a Nunciatura Apost\u00f3lica do Brasil, em Bras\u00edlia, anunciou que o papa Francisco nomeou o novo arcebispo de Mariana, dom A\u00edrton Jos\u00e9 dos Santos, arcebispo de Campinas (SP) em substitui\u00e7\u00e3o ao arcebispo marianense dom Geraldo Lyrio Rocha. Ele solicitara ao papa Francisco a sua ren\u00fancia ao arcebispado de Mariana, ano passado, ap\u00f3s completar&#8230;<\/p>\n","protected":false},"author":1,"featured_media":0,"comment_status":"closed","ping_status":"closed","sticky":false,"template":"","format":"standard","meta":{"_monsterinsights_skip_tracking":false,"_monsterinsights_sitenote_active":false,"_monsterinsights_sitenote_note":"","_monsterinsights_sitenote_category":0,"magazine_newspaper_sidebar_layout":"","footnotes":"","jetpack_publicize_message":"","jetpack_publicize_feature_enabled":true,"jetpack_social_post_already_shared":false,"jetpack_social_options":{"image_generator_settings":{"template":"highway","default_image_id":0,"font":"","enabled":false},"version":2}},"categories":[1],"tags":[5,16],"class_list":["post-1545","post","type-post","status-publish","format-standard","hentry","category-blog","tag-evento-religioso","tag-geral"],"aioseo_notices":[],"jetpack_publicize_connections":[],"jetpack_featured_media_url":"","jetpack_sharing_enabled":true,"jetpack_likes_enabled":true,"jetpack-related-posts":[],"jetpack_shortlink":"https:\/\/wp.me\/pfB4mB-oV","_links":{"self":[{"href":"https:\/\/tvnovelas.com.br\/news\/wp-json\/wp\/v2\/posts\/1545","targetHints":{"allow":["GET"]}}],"collection":[{"href":"https:\/\/tvnovelas.com.br\/news\/wp-json\/wp\/v2\/posts"}],"about":[{"href":"https:\/\/tvnovelas.com.br\/news\/wp-json\/wp\/v2\/types\/post"}],"author":[{"embeddable":true,"href":"https:\/\/tvnovelas.com.br\/news\/wp-json\/wp\/v2\/users\/1"}],"replies":[{"embeddable":true,"href":"https:\/\/tvnovelas.com.br\/news\/wp-json\/wp\/v2\/comments?post=1545"}],"version-history":[{"count":3,"href":"https:\/\/tvnovelas.com.br\/news\/wp-json\/wp\/v2\/posts\/1545\/revisions"}],"predecessor-version":[{"id":1557,"href":"https:\/\/tvnovelas.com.br\/news\/wp-json\/wp\/v2\/posts\/1545\/revisions\/1557"}],"wp:attachment":[{"href":"https:\/\/tvnovelas.com.br\/news\/wp-json\/wp\/v2\/media?parent=1545"}],"wp:term":[{"taxonomy":"category","embeddable":true,"href":"https:\/\/tvnovelas.com.br\/news\/wp-json\/wp\/v2\/categories?post=1545"},{"taxonomy":"post_tag","embeddable":true,"href":"https:\/\/tvnovelas.com.br\/news\/wp-json\/wp\/v2\/tags?post=1545"}],"curies":[{"name":"wp","href":"https:\/\/api.w.org\/{rel}","templated":true}]}}