{"id":1355,"date":"2018-03-06T12:55:36","date_gmt":"2018-03-06T15:55:36","guid":{"rendered":"https:\/\/tvnovelas.com.br\/news\/mundo\/?p=1355"},"modified":"2018-03-06T12:55:36","modified_gmt":"2018-03-06T15:55:36","slug":"divulgacao-sem-educacao-nao-ha-futuro","status":"publish","type":"post","link":"https:\/\/tvnovelas.com.br\/news\/divulgacao-sem-educacao-nao-ha-futuro\/","title":{"rendered":"Divulga\u00e7\u00e3o: Sem Educa\u00e7\u00e3o n\u00e3o h\u00e1 futuro!"},"content":{"rendered":"<p><img data-recalc-dims=\"1\" loading=\"lazy\" decoding=\"async\" class=\"alignnone wp-image-1357 size-full\" title=\"(Foto; imagem lbv\" src=\"https:\/\/i0.wp.com\/tvnovelas.com.br\/news\/mundo\/wp-content\/uploads\/2018\/03\/ultimas0060318_bc_lbv-1.jpg?resize=400%2C283&#038;ssl=1\" alt=\"\" width=\"400\" height=\"283\" srcset=\"https:\/\/i0.wp.com\/tvnovelas.com.br\/news\/wp-content\/uploads\/2018\/03\/ultimas0060318_bc_lbv-1.jpg?w=400&amp;ssl=1 400w, https:\/\/i0.wp.com\/tvnovelas.com.br\/news\/wp-content\/uploads\/2018\/03\/ultimas0060318_bc_lbv-1.jpg?resize=300%2C212&amp;ssl=1 300w, https:\/\/i0.wp.com\/tvnovelas.com.br\/news\/wp-content\/uploads\/2018\/03\/ultimas0060318_bc_lbv-1.jpg?resize=150%2C106&amp;ssl=1 150w\" sizes=\"auto, (max-width: 400px) 100vw, 400px\" \/><\/p>\n<p>De acordo com o Instituto Brasileiro de Geografia e Estat\u00edstica (IBGE), o Brasil tem 11,8 milh\u00f5es de analfabetos. Esse n\u00famero corresponde a 7,2% da popula\u00e7\u00e3o que tem 15 anos ou mais de idade. Na faixa et\u00e1ria igual ou superior aos 60 anos,o \u00edndice alcan\u00e7a 20,4%. A regi\u00e3o Nordeste registra o maior percentual de analfabetismo(14,8%), n\u00famero quase quatro vezes maior do que as taxas estimadas para o Sudeste (3,8%) e para o Sul do pa\u00eds(3,6%).<\/p>\n<p>O Instituto Nacional de Estudos e Pesquisas Educacionais An\u00edsio Teixeira (Inep) e o Minist\u00e9rio da Educa\u00e7\u00e3o (MEC) tamb\u00e9m divulgaramem 2017, pela primeira vez, indicadores de fluxo escolar na Educa\u00e7\u00e3o B\u00e1sica. Os dados revelam que 12,9% e 12,7% dos alunos matriculados na 1\u00aa e 2\u00aa s\u00e9ries do Ensino M\u00e9dio, respectivamente, se evadiram da escolaentre 2014 e 2015, de acordo com o Censo escolar. O 9\u00ba ano do Ensino Fundamental teve a terceira maior taxa de evas\u00e3o(7,7%), seguido pela 3\u00aa s\u00e9rie do Ensino M\u00e9dio, com 6,8%. Considerando-se todas as s\u00e9ries do Ensino M\u00e9dio, a evas\u00e3o chega a 11,2% do total de alunos. A evas\u00e3o \u00e9 maior nas escolas rurais, em todas as etapas de ensino. Os indicadores de promo\u00e7\u00e3o e de repet\u00eancia, apesar de n\u00e3o serem in\u00e9ditos, demonstram que a repet\u00eancia na 1\u00aa s\u00e9rie do Ensino M\u00e9dio atinge 15,3% e que o \u00edndice igualmente \u00e9 alto no 6\u00ba ano do Ensino Fundamental, com taxa de 14,4%.<\/p>\n<p>Mudar essa triste realidade requer o esfor\u00e7o de todos e a atua\u00e7\u00e3o conjunta dosgovernos,da sociedade civil e dainiciativa privada, al\u00e9m do imprescind\u00edvel apoio das fam\u00edlias edos educadores. Ao longo de seus quase 70 anos de exist\u00eancia, a Legi\u00e3o da Boa Vontade (LBV) tem promovido uma s\u00e9rie de a\u00e7\u00f5es permanentes em favor da Educa\u00e7\u00e3o, com vista ao combate aos \u00edndices de analfabetismo, de evas\u00e3o escolar, de trabalho e explora\u00e7\u00e3o infantil e de pobreza no pa\u00eds. Para tanto, a Institui\u00e7\u00e3o auxilia os pais que n\u00e3o disp\u00f5em de recursos financeiros para a compra dos materiais escolar e pedag\u00f3gico; empreende atividades que motivam crian\u00e7as e adolescentes a frequentar a escola e a continuar os estudos; oferece oportunidades de aprendizagem a jovens e adultos; realiza capacita\u00e7\u00e3o de educadores; presta assessoramento a unidades de ensino; e propicia a fam\u00edlias o acesso \u00e0 informa\u00e7\u00e3o,orienta\u00e7\u00e3o e acompanhamento social.<\/p>\n<p>Em suporte a todas essas a\u00e7\u00f5es, a LBV realiza, anualmente, a campanha Crian\u00e7a Nota 10 \u2014 Proteger a inf\u00e2ncia \u00e9 acreditar no futuro!,que,em 2018, entregar\u00e1 mais de 22 mil kits de materiais escolar e pedag\u00f3gico, nas cinco regi\u00f5es brasileiras. Ainda neste per\u00edodo do ano, a Institui\u00e7\u00e3o doa conjuntos completos de uniformea milhares de crian\u00e7as, adolescentes e jovens de fam\u00edlias em situa\u00e7\u00e3o de vulnerabilidade os quaisparticipam das atividades em suas escolas de Educa\u00e7\u00e3o B\u00e1sica e em seus Centros Comunit\u00e1rios de Assist\u00eancia Social, localizadosem diversas cidades do pa\u00eds.<\/p>\n<p>A entrega dos kits ocorre sempre em fevereiro e mar\u00e7o, e ser\u00e3o beneficiados com as doa\u00e7\u00f5es alunos das escolas de Educa\u00e7\u00e3o B\u00e1sica da Legi\u00e3o da Boa Vontade \u2014incluindo os que cursam a modalidade Educa\u00e7\u00e3o de Jovens e Adultos (EJA) \u2014, crian\u00e7as e adolescentes de 6 a 15 anos de idade que participam dos programas socioassistenciais desenvolvidos nos Centros Comunit\u00e1rios da LBV, bem como estudantes atendidos por organiza\u00e7\u00f5es parceiras da Entidade.<\/p>\n<p>Para angariaras doa\u00e7\u00f5es, a LBV conta com a solidariedade do povo brasileiro e a mobiliza\u00e7\u00e3o de colaboradores, volunt\u00e1rios, amigos e parceiros. Os donativos para a campanha podem ser feitos pelo site www.lbv.org ou pelo tel. 0800 055 50 99. Outras informa\u00e7\u00f5es, basta acessaro perfil da LBV no Facebook, no Instagram e no Youtube, por meio do endere\u00e7o \u201cLBVBrasil\u201d.<\/p>\n","protected":false},"excerpt":{"rendered":"<p>De acordo com o Instituto Brasileiro de Geografia e Estat\u00edstica (IBGE), o Brasil tem 11,8 milh\u00f5es de analfabetos. Esse n\u00famero corresponde a 7,2% da popula\u00e7\u00e3o que tem 15 anos ou mais de idade. Na faixa et\u00e1ria igual ou superior aos 60 anos,o \u00edndice alcan\u00e7a 20,4%. A regi\u00e3o Nordeste registra o maior percentual de analfabetismo(14,8%), n\u00famero&#8230;<\/p>\n","protected":false},"author":1,"featured_media":0,"comment_status":"closed","ping_status":"closed","sticky":false,"template":"","format":"standard","meta":{"_monsterinsights_skip_tracking":false,"_monsterinsights_sitenote_active":false,"_monsterinsights_sitenote_note":"","_monsterinsights_sitenote_category":0,"magazine_newspaper_sidebar_layout":"","footnotes":"","jetpack_publicize_message":"","jetpack_publicize_feature_enabled":true,"jetpack_social_post_already_shared":false,"jetpack_social_options":{"image_generator_settings":{"template":"highway","default_image_id":0,"font":"","enabled":false},"version":2}},"categories":[1],"tags":[],"class_list":["post-1355","post","type-post","status-publish","format-standard","hentry","category-blog"],"aioseo_notices":[],"jetpack_publicize_connections":[],"jetpack_featured_media_url":"","jetpack_sharing_enabled":true,"jetpack_likes_enabled":true,"jetpack-related-posts":[],"jetpack_shortlink":"https:\/\/wp.me\/pfB4mB-lR","_links":{"self":[{"href":"https:\/\/tvnovelas.com.br\/news\/wp-json\/wp\/v2\/posts\/1355","targetHints":{"allow":["GET"]}}],"collection":[{"href":"https:\/\/tvnovelas.com.br\/news\/wp-json\/wp\/v2\/posts"}],"about":[{"href":"https:\/\/tvnovelas.com.br\/news\/wp-json\/wp\/v2\/types\/post"}],"author":[{"embeddable":true,"href":"https:\/\/tvnovelas.com.br\/news\/wp-json\/wp\/v2\/users\/1"}],"replies":[{"embeddable":true,"href":"https:\/\/tvnovelas.com.br\/news\/wp-json\/wp\/v2\/comments?post=1355"}],"version-history":[{"count":1,"href":"https:\/\/tvnovelas.com.br\/news\/wp-json\/wp\/v2\/posts\/1355\/revisions"}],"predecessor-version":[{"id":1358,"href":"https:\/\/tvnovelas.com.br\/news\/wp-json\/wp\/v2\/posts\/1355\/revisions\/1358"}],"wp:attachment":[{"href":"https:\/\/tvnovelas.com.br\/news\/wp-json\/wp\/v2\/media?parent=1355"}],"wp:term":[{"taxonomy":"category","embeddable":true,"href":"https:\/\/tvnovelas.com.br\/news\/wp-json\/wp\/v2\/categories?post=1355"},{"taxonomy":"post_tag","embeddable":true,"href":"https:\/\/tvnovelas.com.br\/news\/wp-json\/wp\/v2\/tags?post=1355"}],"curies":[{"name":"wp","href":"https:\/\/api.w.org\/{rel}","templated":true}]}}