{"id":1326,"date":"2018-02-21T15:49:07","date_gmt":"2018-02-21T18:49:07","guid":{"rendered":"https:\/\/tvnovelas.com.br\/news\/mundo\/?p=1326"},"modified":"2018-02-21T15:49:50","modified_gmt":"2018-02-21T18:49:50","slug":"jubileu-de-ouro-do-redentorista-irmao-clemente-em-barao-de-cocais","status":"publish","type":"post","link":"https:\/\/tvnovelas.com.br\/news\/jubileu-de-ouro-do-redentorista-irmao-clemente-em-barao-de-cocais\/","title":{"rendered":"Jubileu de Ouro do redentorista Irm\u00e3o Clemente em Bar\u00e3o de Cocais"},"content":{"rendered":"<p>O cocaiense adotivo, o redentorista Irm\u00e3o Clemente (Waldemar \u00darsula de Jesus), 84 anos, ser\u00e1 homenageado pela C\u00e2mara Municipal de Bar\u00e3o de Cocais, com o diploma de Mo\u00e7\u00e3o de Aplausos, pelo relevante trabalho volunt\u00e1rio e dedica\u00e7\u00e3o \u00e0 vida religiosa no Santu\u00e1rio Nacional de Aparecida, em S\u00e3o Paulo. Ali \u00e9 considerado embaixador de Bar\u00e3o de Cocais, pelo acolhimento aos romeiros cocaienses e da regi\u00e3o do Cara\u00e7a e do demais brasileiros. Atualmente,  reside no Santu\u00e1rio S\u00e3o Jo\u00e3o da Boa Vista,  em S\u00e3o Paulo, a pouco quil\u00f4metros do Santu\u00e1rio Nacional de Aparecida do Norte, onde trabalhou por muitos anos.<\/p>\n<p>Waldemar \u00darsula de Jesus nasceu em 21 de outubro de 1933, na cidade hist\u00f3rica de Itabira, terra natal  do poeta, escritor e jornalista Carlos Drummond de Andrade. Filho do casal Joana Diogo dos Santos e \u00c2ngelo Juscelino de Jesus, ambos falecidos. Waldemar mudou-se aos seis anos de idade, no dia 4 de maio de 1939 para o distrito de S\u00e3o Jo\u00e3o do Morro Grande, hoje Bar\u00e3o de Cocais, onde estudou e aprendeu o of\u00edcio de alfaiate e foi metal\u00fargico, trabalhando na Companhia Brasileira de Usinas Metal\u00fargicas (CBUM, atual Gerdau). Ele residiu na sua terra adotiva, Bar\u00e3o de Cocais, durante 25 anos, quando, em outubro de 1964 partiu para o Santu\u00e1rio Nacional de Aparecida para dedicar-se \u00e0 vida religiosa como Irm\u00e3o Redentorista Clemente, em substitui\u00e7\u00e3o ao seu nome de batismo, Waldemar \u00darsula de Jesus. Ele nunca esqueceu sua terra adotiva, Bar\u00e3o de Cocais, sempre retornando duas vezes por ano ou mais para visitar a fam\u00edlia e os amigos.<\/p>\n<p>Ulimamente vinha visitar o seu irm\u00e3o Benedito Ac\u00e1cio de Jesus (Ben\u00e9), conhecido colecionador de fatos e hist\u00f3rias cocaienses como metal\u00fargico itabirano aposentado, falecido h\u00e1 dois anos. Irm\u00e3o Clemente comemorou no dia 2 de fevereiro , no Santu\u00e1rio de Aparecida do Norte (SP), os 50 ano (Jubileu de Ouro) de vida religiosa  da ordem redentorista, onde foi cercado  de colegas e amigos, inclusive de dom Darci Jos\u00e9 Nicioli, atual arcebispo de Diamantina (MG), que estar\u00e1 em Bar\u00e3o de Cocais neste s\u00e1bado, 24 de fevereiro, acompanhado dos padres redentoristas Baptistine, Ademir e Vin\u00edcius, al\u00e9m dos irm\u00e3os redentoristas Viveiros (da TV Aparecida), Santana e Mauro Maciel, que chegar\u00e3o nesta sexta-feira, dia 23. Nesta quinta, dia 22, haver\u00e1 entrega do Diploma de Mo\u00e7\u00e3o de Aplausos, outorgado pela C\u00e2mara Municipal de Bar\u00e3o de Cocais, em solenidade que ter\u00e1 in\u00edcio \u00e0s 18 horas. NO dia 24, s\u00e1bado, missa em A\u00e7\u00e3o de Gra\u00e7as, presidida pelo arcebispo de Diamantina, dom Darci Jos\u00e9 Nicioli, concelebrada com v\u00e1rios sacerdotes convidados e abrilhantada pelo Coral Yolando dos Santos e a centen\u00e1ria Banda de M\u00fasica Santa Cec\u00edlia, de Bar\u00e3o de Cocais, na Matriz Santu\u00e1rio S\u00e3o Jo\u00e3o Batista do Morro Grande (1764-1785), primeiro projeto arquitet\u00f4nico de Aleijadinho. No domingo, dia 25, \u00e0s 12h, na sede campestre do Jabaquara, almo\u00e7o festivo de confraterniza\u00e7\u00e3o, sob os acordes do conjunto musical Bar\u00e3o ao Luar. Ainda no domingo, \u00e0s 18h, na igreja Nossa Senhora ao Perp\u00e9tuo Socorro, celebra\u00e7\u00e3o de missa pelo padre redentorista Carlos Alberto Baptistine que far\u00e1 a entroniza\u00e7\u00e3o do \u00edcone, seguido da novena perp\u00e9tua.<br \/>\n<em><strong>*Leonel Marques<\/strong><\/em><\/p>\n<h3>Coment\u00e1rio<\/h3>\n<div class=\"fb-comments\" data-href=\"ttps:\/\/tvnovelas.com.br\/news\/mundo\/noticias\/1326\" data-width=\"100%\" data-order-by=\"reverse_time\" data-numposts=\"10\"><\/div>\n","protected":false},"excerpt":{"rendered":"<p>O cocaiense adotivo, o redentorista Irm\u00e3o Clemente (Waldemar \u00darsula de Jesus), 84 anos, ser\u00e1 homenageado pela C\u00e2mara Municipal de Bar\u00e3o de Cocais, com o diploma de Mo\u00e7\u00e3o de Aplausos, pelo relevante trabalho volunt\u00e1rio e dedica\u00e7\u00e3o \u00e0 vida religiosa no Santu\u00e1rio Nacional de Aparecida, em S\u00e3o Paulo. Ali \u00e9 considerado embaixador de Bar\u00e3o de Cocais, pelo&#8230;<\/p>\n","protected":false},"author":1,"featured_media":0,"comment_status":"closed","ping_status":"closed","sticky":false,"template":"","format":"standard","meta":{"_monsterinsights_skip_tracking":false,"_monsterinsights_sitenote_active":false,"_monsterinsights_sitenote_note":"","_monsterinsights_sitenote_category":0,"magazine_newspaper_sidebar_layout":"","footnotes":"","jetpack_publicize_message":"","jetpack_publicize_feature_enabled":true,"jetpack_social_post_already_shared":false,"jetpack_social_options":{"image_generator_settings":{"template":"highway","default_image_id":0,"font":"","enabled":false},"version":2}},"categories":[1],"tags":[5],"class_list":["post-1326","post","type-post","status-publish","format-standard","hentry","category-blog","tag-evento-religioso"],"aioseo_notices":[],"jetpack_publicize_connections":[],"jetpack_featured_media_url":"","jetpack_sharing_enabled":true,"jetpack_likes_enabled":true,"jetpack-related-posts":[],"jetpack_shortlink":"https:\/\/wp.me\/pfB4mB-lo","_links":{"self":[{"href":"https:\/\/tvnovelas.com.br\/news\/wp-json\/wp\/v2\/posts\/1326","targetHints":{"allow":["GET"]}}],"collection":[{"href":"https:\/\/tvnovelas.com.br\/news\/wp-json\/wp\/v2\/posts"}],"about":[{"href":"https:\/\/tvnovelas.com.br\/news\/wp-json\/wp\/v2\/types\/post"}],"author":[{"embeddable":true,"href":"https:\/\/tvnovelas.com.br\/news\/wp-json\/wp\/v2\/users\/1"}],"replies":[{"embeddable":true,"href":"https:\/\/tvnovelas.com.br\/news\/wp-json\/wp\/v2\/comments?post=1326"}],"version-history":[{"count":2,"href":"https:\/\/tvnovelas.com.br\/news\/wp-json\/wp\/v2\/posts\/1326\/revisions"}],"predecessor-version":[{"id":1328,"href":"https:\/\/tvnovelas.com.br\/news\/wp-json\/wp\/v2\/posts\/1326\/revisions\/1328"}],"wp:attachment":[{"href":"https:\/\/tvnovelas.com.br\/news\/wp-json\/wp\/v2\/media?parent=1326"}],"wp:term":[{"taxonomy":"category","embeddable":true,"href":"https:\/\/tvnovelas.com.br\/news\/wp-json\/wp\/v2\/categories?post=1326"},{"taxonomy":"post_tag","embeddable":true,"href":"https:\/\/tvnovelas.com.br\/news\/wp-json\/wp\/v2\/tags?post=1326"}],"curies":[{"name":"wp","href":"https:\/\/api.w.org\/{rel}","templated":true}]}}