{"id":1307,"date":"2018-02-20T16:04:06","date_gmt":"2018-02-20T19:04:06","guid":{"rendered":"https:\/\/tvnovelas.com.br\/news\/mundo\/?p=1307"},"modified":"2018-02-20T16:05:46","modified_gmt":"2018-02-20T19:05:46","slug":"divulgacao-filhotes-de-caes-para-adocao","status":"publish","type":"post","link":"https:\/\/tvnovelas.com.br\/news\/divulgacao-filhotes-de-caes-para-adocao\/","title":{"rendered":"Divulga\u00e7\u00e3o: filhotes de c\u00e3es para ado\u00e7\u00e3o"},"content":{"rendered":"<p><img data-recalc-dims=\"1\" loading=\"lazy\" decoding=\"async\" class=\"alignnone size-full wp-image-1308\" src=\"https:\/\/i0.wp.com\/tvnovelas.com.br\/news\/mundo\/wp-content\/uploads\/2018\/02\/ultimas200218_sgpan01.jpg?resize=250%2C265&#038;ssl=1\" alt=\"\" width=\"250\" height=\"265\" srcset=\"https:\/\/i0.wp.com\/tvnovelas.com.br\/news\/wp-content\/uploads\/2018\/02\/ultimas200218_sgpan01.jpg?w=250&amp;ssl=1 250w, https:\/\/i0.wp.com\/tvnovelas.com.br\/news\/wp-content\/uploads\/2018\/02\/ultimas200218_sgpan01.jpg?resize=142%2C150&amp;ssl=1 142w\" sizes=\"auto, (max-width: 250px) 100vw, 250px\" \/><img data-recalc-dims=\"1\" loading=\"lazy\" decoding=\"async\" class=\"alignnone size-full wp-image-1309\" src=\"https:\/\/i0.wp.com\/tvnovelas.com.br\/news\/mundo\/wp-content\/uploads\/2018\/02\/ultimas200218_sgpan0.jpg?resize=250%2C272&#038;ssl=1\" alt=\"\" width=\"250\" height=\"272\" srcset=\"https:\/\/i0.wp.com\/tvnovelas.com.br\/news\/wp-content\/uploads\/2018\/02\/ultimas200218_sgpan0.jpg?w=250&amp;ssl=1 250w, https:\/\/i0.wp.com\/tvnovelas.com.br\/news\/wp-content\/uploads\/2018\/02\/ultimas200218_sgpan0.jpg?resize=138%2C150&amp;ssl=1 138w\" sizes=\"auto, (max-width: 250px) 100vw, 250px\" \/><br \/>\nF\u00eameas, porte m\u00e9dio\/pequeno, dois meses, com primeira dose da vacina. Tel: 98579-8859<\/p>\n<p><em>Divulga\u00e7\u00e3o Sgpan<\/em><\/p>\n<h3>Coment\u00e1rio<\/h3>\n<div class=\"fb-comments\" data-href=\"https:\/\/tvnovelas.com.br\/news\/mundo\/noticias\/1307\" data-width=\"100%\" data-order-by=\"reverse_time\" data-numposts=\"10\"><\/div>\n","protected":false},"excerpt":{"rendered":"<p>F\u00eameas, porte m\u00e9dio\/pequeno, dois meses, com primeira dose da vacina. Tel: 98579-8859 Divulga\u00e7\u00e3o Sgpan Coment\u00e1rio<\/p>\n","protected":false},"author":1,"featured_media":0,"comment_status":"closed","ping_status":"closed","sticky":false,"template":"","format":"standard","meta":{"_monsterinsights_skip_tracking":false,"_monsterinsights_sitenote_active":false,"_monsterinsights_sitenote_note":"","_monsterinsights_sitenote_category":0,"magazine_newspaper_sidebar_layout":"","footnotes":"","jetpack_publicize_message":"","jetpack_publicize_feature_enabled":true,"jetpack_social_post_already_shared":false,"jetpack_social_options":{"image_generator_settings":{"template":"highway","default_image_id":0,"font":"","enabled":false},"version":2}},"categories":[1],"tags":[],"class_list":["post-1307","post","type-post","status-publish","format-standard","hentry","category-blog"],"aioseo_notices":[],"jetpack_publicize_connections":[],"jetpack_featured_media_url":"","jetpack_sharing_enabled":true,"jetpack_likes_enabled":true,"jetpack-related-posts":[],"jetpack_shortlink":"https:\/\/wp.me\/pfB4mB-l5","_links":{"self":[{"href":"https:\/\/tvnovelas.com.br\/news\/wp-json\/wp\/v2\/posts\/1307","targetHints":{"allow":["GET"]}}],"collection":[{"href":"https:\/\/tvnovelas.com.br\/news\/wp-json\/wp\/v2\/posts"}],"about":[{"href":"https:\/\/tvnovelas.com.br\/news\/wp-json\/wp\/v2\/types\/post"}],"author":[{"embeddable":true,"href":"https:\/\/tvnovelas.com.br\/news\/wp-json\/wp\/v2\/users\/1"}],"replies":[{"embeddable":true,"href":"https:\/\/tvnovelas.com.br\/news\/wp-json\/wp\/v2\/comments?post=1307"}],"version-history":[{"count":2,"href":"https:\/\/tvnovelas.com.br\/news\/wp-json\/wp\/v2\/posts\/1307\/revisions"}],"predecessor-version":[{"id":1313,"href":"https:\/\/tvnovelas.com.br\/news\/wp-json\/wp\/v2\/posts\/1307\/revisions\/1313"}],"wp:attachment":[{"href":"https:\/\/tvnovelas.com.br\/news\/wp-json\/wp\/v2\/media?parent=1307"}],"wp:term":[{"taxonomy":"category","embeddable":true,"href":"https:\/\/tvnovelas.com.br\/news\/wp-json\/wp\/v2\/categories?post=1307"},{"taxonomy":"post_tag","embeddable":true,"href":"https:\/\/tvnovelas.com.br\/news\/wp-json\/wp\/v2\/tags?post=1307"}],"curies":[{"name":"wp","href":"https:\/\/api.w.org\/{rel}","templated":true}]}}