{"id":1292,"date":"2018-02-07T18:41:49","date_gmt":"2018-02-07T20:41:49","guid":{"rendered":"https:\/\/tvnovelas.com.br\/news\/mundo\/?p=1292"},"modified":"2018-02-07T18:54:05","modified_gmt":"2018-02-07T20:54:05","slug":"carnaval-2018-em-caete","status":"publish","type":"post","link":"https:\/\/tvnovelas.com.br\/news\/carnaval-2018-em-caete\/","title":{"rendered":"Carnaval 2018 em Caet\u00e9"},"content":{"rendered":"<p>A Prefeitura de Caet\u00e9 divulgou ontem pelo Facebook, programa\u00e7\u00e3o do Carnaval na cidade, que vai acontecer no Centro de s\u00e1bado a ter\u00e7a -feira.<br \/>\nConfira a programa\u00e7\u00e3o abaixo:<br \/>\n<img data-recalc-dims=\"1\" loading=\"lazy\" decoding=\"async\" src=\"https:\/\/i0.wp.com\/tvnovelas.com.br\/news\/mundo\/wp-content\/uploads\/2018\/02\/ultimas010218_carnaval.jpg?resize=640%2C905&#038;ssl=1\" alt=\"\" width=\"640\" height=\"905\" class=\"alignnone size-full wp-image-1293\" srcset=\"https:\/\/i0.wp.com\/tvnovelas.com.br\/news\/wp-content\/uploads\/2018\/02\/ultimas010218_carnaval.jpg?w=679&amp;ssl=1 679w, https:\/\/i0.wp.com\/tvnovelas.com.br\/news\/wp-content\/uploads\/2018\/02\/ultimas010218_carnaval.jpg?resize=600%2C848&amp;ssl=1 600w, https:\/\/i0.wp.com\/tvnovelas.com.br\/news\/wp-content\/uploads\/2018\/02\/ultimas010218_carnaval.jpg?resize=212%2C300&amp;ssl=1 212w, https:\/\/i0.wp.com\/tvnovelas.com.br\/news\/wp-content\/uploads\/2018\/02\/ultimas010218_carnaval.jpg?resize=106%2C150&amp;ssl=1 106w\" sizes=\"auto, (max-width: 640px) 100vw, 640px\" \/><\/p>\n<div class=\"fb-comments\" data-href=\"https:\/\/tvnovelas.com.br\/news\/mundo\/noticias\/122\" data-width=\"100%\" data-order-by=\"reverse_time\" data-numposts=\"10\"><\/div>\n","protected":false},"excerpt":{"rendered":"<p>A Prefeitura de Caet\u00e9 divulgou ontem pelo Facebook, programa\u00e7\u00e3o do Carnaval na cidade, que vai acontecer no Centro de s\u00e1bado a ter\u00e7a -feira. Confira a programa\u00e7\u00e3o abaixo:<\/p>\n","protected":false},"author":1,"featured_media":0,"comment_status":"closed","ping_status":"closed","sticky":false,"template":"","format":"standard","meta":{"_monsterinsights_skip_tracking":false,"_monsterinsights_sitenote_active":false,"_monsterinsights_sitenote_note":"","_monsterinsights_sitenote_category":0,"magazine_newspaper_sidebar_layout":"","footnotes":"","jetpack_publicize_message":"","jetpack_publicize_feature_enabled":true,"jetpack_social_post_already_shared":false,"jetpack_social_options":{"image_generator_settings":{"template":"highway","default_image_id":0,"font":"","enabled":false},"version":2}},"categories":[1],"tags":[],"class_list":["post-1292","post","type-post","status-publish","format-standard","hentry","category-blog"],"aioseo_notices":[],"jetpack_publicize_connections":[],"jetpack_featured_media_url":"","jetpack_sharing_enabled":true,"jetpack_likes_enabled":true,"jetpack-related-posts":[],"jetpack_shortlink":"https:\/\/wp.me\/pfB4mB-kQ","_links":{"self":[{"href":"https:\/\/tvnovelas.com.br\/news\/wp-json\/wp\/v2\/posts\/1292","targetHints":{"allow":["GET"]}}],"collection":[{"href":"https:\/\/tvnovelas.com.br\/news\/wp-json\/wp\/v2\/posts"}],"about":[{"href":"https:\/\/tvnovelas.com.br\/news\/wp-json\/wp\/v2\/types\/post"}],"author":[{"embeddable":true,"href":"https:\/\/tvnovelas.com.br\/news\/wp-json\/wp\/v2\/users\/1"}],"replies":[{"embeddable":true,"href":"https:\/\/tvnovelas.com.br\/news\/wp-json\/wp\/v2\/comments?post=1292"}],"version-history":[{"count":5,"href":"https:\/\/tvnovelas.com.br\/news\/wp-json\/wp\/v2\/posts\/1292\/revisions"}],"predecessor-version":[{"id":1298,"href":"https:\/\/tvnovelas.com.br\/news\/wp-json\/wp\/v2\/posts\/1292\/revisions\/1298"}],"wp:attachment":[{"href":"https:\/\/tvnovelas.com.br\/news\/wp-json\/wp\/v2\/media?parent=1292"}],"wp:term":[{"taxonomy":"category","embeddable":true,"href":"https:\/\/tvnovelas.com.br\/news\/wp-json\/wp\/v2\/categories?post=1292"},{"taxonomy":"post_tag","embeddable":true,"href":"https:\/\/tvnovelas.com.br\/news\/wp-json\/wp\/v2\/tags?post=1292"}],"curies":[{"name":"wp","href":"https:\/\/api.w.org\/{rel}","templated":true}]}}