{"id":1214,"date":"2018-01-18T17:30:49","date_gmt":"2018-01-18T19:30:49","guid":{"rendered":"https:\/\/tvnovelas.com.br\/news\/mundo\/?p=1214"},"modified":"2018-01-18T17:31:38","modified_gmt":"2018-01-18T19:31:38","slug":"mec-divulga-resultados-do-enem-2017-e-calendario-de-2018","status":"publish","type":"post","link":"https:\/\/tvnovelas.com.br\/news\/mec-divulga-resultados-do-enem-2017-e-calendario-de-2018\/","title":{"rendered":"MEC divulga resultados do Enem 2017 e calend\u00e1rio de 2018"},"content":{"rendered":"<p>Os participantes do Exame Nacional do Ensino M\u00e9dio (Enem) 2017 j\u00e1 podem consultar, nesta quinta-feira, 18, a partir do meio dia, seus resultados na P\u00e1gina do Participante, no endere\u00e7o <a href=\"https:\/\/enem.inep.gov.br\/participante\/\" target=\"_blank\" rel=\"noopener\">enem.inep.gov.br\/participante<\/a> ou no aplicativo Enem 2017. O resultado s\u00f3 pode ser acessado pelo pr\u00f3prio participante ap\u00f3s informar o CPF e a senha cadastrada.<\/p>\n<p>Os resultados foram antecipados em um dia. Em coletiva de imprensa, o Minist\u00e9rio da Educa\u00e7\u00e3o tamb\u00e9m anunciou as principais datas do Enem 2018, que completa 20 anos e ser\u00e1 aplicado nos dias 4 e 11 de novembro. O edital do exame ser\u00e1 publicado em 21 de mar\u00e7o e as inscri\u00e7\u00f5es ser\u00e3o realizadas de 7 a 18 de maio deste ano.<\/p>\n<h3>Coment\u00e1rio<\/h3>\n<div class=\"fb-comments\" data-href=\"https:\/\/tvnovelas.com.br\/news\/mundo\/noticias\/1214\" data-width=\"100%\" data-order-by=\"reverse_time\" data-numposts=\"10\"><\/div>\n","protected":false},"excerpt":{"rendered":"<p>Os participantes do Exame Nacional do Ensino M\u00e9dio (Enem) 2017 j\u00e1 podem consultar, nesta quinta-feira, 18, a partir do meio dia, seus resultados na P\u00e1gina do Participante, no endere\u00e7o enem.inep.gov.br\/participante ou no aplicativo Enem 2017. O resultado s\u00f3 pode ser acessado pelo pr\u00f3prio participante ap\u00f3s informar o CPF e a senha cadastrada. Os resultados foram&#8230;<\/p>\n","protected":false},"author":1,"featured_media":0,"comment_status":"closed","ping_status":"closed","sticky":false,"template":"","format":"standard","meta":{"_monsterinsights_skip_tracking":false,"_monsterinsights_sitenote_active":false,"_monsterinsights_sitenote_note":"","_monsterinsights_sitenote_category":0,"magazine_newspaper_sidebar_layout":"","footnotes":"","jetpack_publicize_message":"","jetpack_publicize_feature_enabled":true,"jetpack_social_post_already_shared":false,"jetpack_social_options":{"image_generator_settings":{"template":"highway","default_image_id":0,"font":"","enabled":false},"version":2}},"categories":[1],"tags":[26,16],"class_list":["post-1214","post","type-post","status-publish","format-standard","hentry","category-blog","tag-educacao","tag-geral"],"aioseo_notices":[],"jetpack_publicize_connections":[],"jetpack_featured_media_url":"","jetpack_sharing_enabled":true,"jetpack_likes_enabled":true,"jetpack-related-posts":[],"jetpack_shortlink":"https:\/\/wp.me\/pfB4mB-jA","_links":{"self":[{"href":"https:\/\/tvnovelas.com.br\/news\/wp-json\/wp\/v2\/posts\/1214","targetHints":{"allow":["GET"]}}],"collection":[{"href":"https:\/\/tvnovelas.com.br\/news\/wp-json\/wp\/v2\/posts"}],"about":[{"href":"https:\/\/tvnovelas.com.br\/news\/wp-json\/wp\/v2\/types\/post"}],"author":[{"embeddable":true,"href":"https:\/\/tvnovelas.com.br\/news\/wp-json\/wp\/v2\/users\/1"}],"replies":[{"embeddable":true,"href":"https:\/\/tvnovelas.com.br\/news\/wp-json\/wp\/v2\/comments?post=1214"}],"version-history":[{"count":2,"href":"https:\/\/tvnovelas.com.br\/news\/wp-json\/wp\/v2\/posts\/1214\/revisions"}],"predecessor-version":[{"id":1216,"href":"https:\/\/tvnovelas.com.br\/news\/wp-json\/wp\/v2\/posts\/1214\/revisions\/1216"}],"wp:attachment":[{"href":"https:\/\/tvnovelas.com.br\/news\/wp-json\/wp\/v2\/media?parent=1214"}],"wp:term":[{"taxonomy":"category","embeddable":true,"href":"https:\/\/tvnovelas.com.br\/news\/wp-json\/wp\/v2\/categories?post=1214"},{"taxonomy":"post_tag","embeddable":true,"href":"https:\/\/tvnovelas.com.br\/news\/wp-json\/wp\/v2\/tags?post=1214"}],"curies":[{"name":"wp","href":"https:\/\/api.w.org\/{rel}","templated":true}]}}