{"id":1210,"date":"2018-01-17T18:21:54","date_gmt":"2018-01-17T20:21:54","guid":{"rendered":"https:\/\/tvnovelas.com.br\/news\/mundo\/?p=1210"},"modified":"2018-01-17T18:22:20","modified_gmt":"2018-01-17T20:22:20","slug":"febre-amarela-95-dos-casos-confirmados-em-mg-sao-do-sexo-masculino","status":"publish","type":"post","link":"https:\/\/tvnovelas.com.br\/news\/febre-amarela-95-dos-casos-confirmados-em-mg-sao-do-sexo-masculino\/","title":{"rendered":"Febre amarela: 95% dos casos confirmados em MG s\u00e3o do sexo masculino"},"content":{"rendered":"<p><img data-recalc-dims=\"1\" loading=\"lazy\" decoding=\"async\" src=\"https:\/\/i0.wp.com\/tvnovelas.com.br\/news\/mundo\/wp-content\/uploads\/2018\/01\/ultimas120118_febream_logo.jpg?resize=400%2C220&#038;ssl=1\" alt=\"\" width=\"400\" height=\"220\" class=\"alignnone size-full wp-image-1163\" srcset=\"https:\/\/i0.wp.com\/tvnovelas.com.br\/news\/wp-content\/uploads\/2018\/01\/ultimas120118_febream_logo.jpg?w=400&amp;ssl=1 400w, https:\/\/i0.wp.com\/tvnovelas.com.br\/news\/wp-content\/uploads\/2018\/01\/ultimas120118_febream_logo.jpg?resize=300%2C165&amp;ssl=1 300w, https:\/\/i0.wp.com\/tvnovelas.com.br\/news\/wp-content\/uploads\/2018\/01\/ultimas120118_febream_logo.jpg?resize=150%2C83&amp;ssl=1 150w\" sizes=\"auto, (max-width: 400px) 100vw, 400px\" \/><\/p>\n<p>Boletim epidemiol\u00f3gico da Secretaria de Estado de Sa\u00fade (SES), publicado nesta quarta-feira, dia 17, registra 22 casos confirmados de febre amarela em Minas Gerais, sendo que 15 deles evolu\u00edram para \u00f3bito. Outros sete evolu\u00edram para cura ou est\u00e3o internados. Os dados s\u00e3o do atual per\u00edodo de apura\u00e7\u00e3o, julho\/2017 a junho\/2018.<\/p>\n<p>Nova Lima, na regi\u00e3o metropolitana de BH, ainda aparece como a cidade com o maior n\u00famero de \u00f3bitos pela doen\u00e7a em Minas Gerais, com cinco mortes. Em seguida aparece Mariana com dois \u00f3bitos. Registraram uma morte cada as cidades de Belo Horizonte, Brumadinho, Caet\u00e9, Rio Acima, Carmo da Mata, Goian\u00e1, Mar de Espanha e Barra Longa.<\/p>\n<p>Est\u00e3o confirmados 22 casos de Febre Amarela no estado e outros 46 casos continuam em investiga\u00e7\u00e3o nos munic\u00edpios de Barra Longa (1), Belo Horizonte (4), Brumadinho (4), Caet\u00e9 (2), Carmo da Mata (1), Carmo do Parna\u00edba (1), Estrela do Indai\u00e1 (1), Itatiaiu\u00e7u (1), Ita\u00fana (2), Juiz de Fora (1), Mariana (9), Nova Lima (3), Piranga (1), Po\u00e7o Fundo (1), Ponte Nova (1), Porto Firme (3), Rio Acima (1), Sabar\u00e1 (2), Santa B\u00e1rbara (2), Santa Luzia (1), Santa Rita de Minas (1), S\u00e3o Gon\u00e7alo do Rio Abaixo (1), Te\u00f3filo Otoni (1) e Vi\u00e7osa (1). Foram descartados 40 casos suspeitos no per\u00edodo.<\/p>\n<p>Do total de 22 casos confirmados, 21 (95,5%) s\u00e3o do sexo masculino e 01 (4,5%) do sexo feminino. Todos os casos, de acordo com a Secretaria de Estado de Sa\u00fade, foram confirmados laboratorialmente. At\u00e9 o momento, n\u00e3o h\u00e1 relato de vacina\u00e7\u00e3o para a Febre Amarela entre os casos confirmados.<\/p>\n<h3>Coment\u00e1rio<\/h3>\n<div class=\"fb-comments\" data-href=\"https:\/\/tvnovelas.com.br\/news\/mundo\/noticias\/1210\" data-width=\"100%\" data-order-by=\"reverse_time\" data-numposts=\"10\"><\/div>\n","protected":false},"excerpt":{"rendered":"<p>Boletim epidemiol\u00f3gico da Secretaria de Estado de Sa\u00fade (SES), publicado nesta quarta-feira, dia 17, registra 22 casos confirmados de febre amarela em Minas Gerais, sendo que 15 deles evolu\u00edram para \u00f3bito. Outros sete evolu\u00edram para cura ou est\u00e3o internados. Os dados s\u00e3o do atual per\u00edodo de apura\u00e7\u00e3o, julho\/2017 a junho\/2018. Nova Lima, na regi\u00e3o metropolitana&#8230;<\/p>\n","protected":false},"author":1,"featured_media":0,"comment_status":"closed","ping_status":"closed","sticky":false,"template":"","format":"standard","meta":{"_monsterinsights_skip_tracking":false,"_monsterinsights_sitenote_active":false,"_monsterinsights_sitenote_note":"","_monsterinsights_sitenote_category":0,"magazine_newspaper_sidebar_layout":"","footnotes":"","jetpack_publicize_message":"","jetpack_publicize_feature_enabled":true,"jetpack_social_post_already_shared":false,"jetpack_social_options":{"image_generator_settings":{"template":"highway","default_image_id":0,"font":"","enabled":false},"version":2}},"categories":[1],"tags":[],"class_list":["post-1210","post","type-post","status-publish","format-standard","hentry","category-blog"],"aioseo_notices":[],"jetpack_publicize_connections":[],"jetpack_featured_media_url":"","jetpack_sharing_enabled":true,"jetpack_likes_enabled":true,"jetpack-related-posts":[],"jetpack_shortlink":"https:\/\/wp.me\/pfB4mB-jw","_links":{"self":[{"href":"https:\/\/tvnovelas.com.br\/news\/wp-json\/wp\/v2\/posts\/1210","targetHints":{"allow":["GET"]}}],"collection":[{"href":"https:\/\/tvnovelas.com.br\/news\/wp-json\/wp\/v2\/posts"}],"about":[{"href":"https:\/\/tvnovelas.com.br\/news\/wp-json\/wp\/v2\/types\/post"}],"author":[{"embeddable":true,"href":"https:\/\/tvnovelas.com.br\/news\/wp-json\/wp\/v2\/users\/1"}],"replies":[{"embeddable":true,"href":"https:\/\/tvnovelas.com.br\/news\/wp-json\/wp\/v2\/comments?post=1210"}],"version-history":[{"count":2,"href":"https:\/\/tvnovelas.com.br\/news\/wp-json\/wp\/v2\/posts\/1210\/revisions"}],"predecessor-version":[{"id":1213,"href":"https:\/\/tvnovelas.com.br\/news\/wp-json\/wp\/v2\/posts\/1210\/revisions\/1213"}],"wp:attachment":[{"href":"https:\/\/tvnovelas.com.br\/news\/wp-json\/wp\/v2\/media?parent=1210"}],"wp:term":[{"taxonomy":"category","embeddable":true,"href":"https:\/\/tvnovelas.com.br\/news\/wp-json\/wp\/v2\/categories?post=1210"},{"taxonomy":"post_tag","embeddable":true,"href":"https:\/\/tvnovelas.com.br\/news\/wp-json\/wp\/v2\/tags?post=1210"}],"curies":[{"name":"wp","href":"https:\/\/api.w.org\/{rel}","templated":true}]}}