{"id":1115,"date":"2017-12-29T17:45:26","date_gmt":"2017-12-29T19:45:26","guid":{"rendered":"https:\/\/tvnovelas.com.br\/news\/mundo\/?p=1115"},"modified":"2017-12-29T17:45:40","modified_gmt":"2017-12-29T19:45:40","slug":"salario-minimo-sera-de-r-954-a-partir-de-1-de-janeiro","status":"publish","type":"post","link":"https:\/\/tvnovelas.com.br\/news\/salario-minimo-sera-de-r-954-a-partir-de-1-de-janeiro\/","title":{"rendered":"Sal\u00e1rio m\u00ednimo ser\u00e1 de R$ 954 a partir de 1\u00b0 de janeiro"},"content":{"rendered":"<p>O sal\u00e1rio m\u00ednimo em 2018 ser\u00e1 de R$ 954, conforme decreto assinado nesta sexta-feira, dia 29, pelo presidente Michel Temer. O novo sal\u00e1rio valer\u00e1 a partir de 1\u00ba de janeiro. O decreto sair\u00e1 em edi\u00e7\u00e3o extra do Di\u00e1rio Oficial da Uni\u00e3o ainda nesta sexta-feira.<br \/>\nO valor divulgado \u00e9 R$ 11 menor do que o previsto inicialmente no or\u00e7amento de 2018, aprovado no Congresso no valor de R$ 965. O sal\u00e1rio-m\u00ednimo atual \u00e9 de R$ 937. O reajuste de 1,81% segue a previs\u00e3o do \u00cdndice de Pre\u00e7os ao Consumidor (INPC).<\/p>\n<h3>Coment\u00e1rio<\/h3>\n<div class=\"fb-comments\" data-href=\"https:\/\/tvnovelas.com.br\/news\/mundo\/noticias\/1115\" data-width=\"100%\" data-order-by=\"reverse_time\" data-numposts=\"10\"><\/div>\n","protected":false},"excerpt":{"rendered":"<p>O sal\u00e1rio m\u00ednimo em 2018 ser\u00e1 de R$ 954, conforme decreto assinado nesta sexta-feira, dia 29, pelo presidente Michel Temer. O novo sal\u00e1rio valer\u00e1 a partir de 1\u00ba de janeiro. O decreto sair\u00e1 em edi\u00e7\u00e3o extra do Di\u00e1rio Oficial da Uni\u00e3o ainda nesta sexta-feira. O valor divulgado \u00e9 R$ 11 menor do que o previsto&#8230;<\/p>\n","protected":false},"author":1,"featured_media":0,"comment_status":"closed","ping_status":"closed","sticky":false,"template":"","format":"standard","meta":{"_monsterinsights_skip_tracking":false,"_monsterinsights_sitenote_active":false,"_monsterinsights_sitenote_note":"","_monsterinsights_sitenote_category":0,"magazine_newspaper_sidebar_layout":"","footnotes":"","jetpack_publicize_message":"","jetpack_publicize_feature_enabled":true,"jetpack_social_post_already_shared":false,"jetpack_social_options":{"image_generator_settings":{"template":"highway","default_image_id":0,"font":"","enabled":false},"version":2}},"categories":[1],"tags":[15,16],"class_list":["post-1115","post","type-post","status-publish","format-standard","hentry","category-blog","tag-economia","tag-geral"],"aioseo_notices":[],"jetpack_publicize_connections":[],"jetpack_featured_media_url":"","jetpack_sharing_enabled":true,"jetpack_likes_enabled":true,"jetpack-related-posts":[],"jetpack_shortlink":"https:\/\/wp.me\/pfB4mB-hZ","_links":{"self":[{"href":"https:\/\/tvnovelas.com.br\/news\/wp-json\/wp\/v2\/posts\/1115","targetHints":{"allow":["GET"]}}],"collection":[{"href":"https:\/\/tvnovelas.com.br\/news\/wp-json\/wp\/v2\/posts"}],"about":[{"href":"https:\/\/tvnovelas.com.br\/news\/wp-json\/wp\/v2\/types\/post"}],"author":[{"embeddable":true,"href":"https:\/\/tvnovelas.com.br\/news\/wp-json\/wp\/v2\/users\/1"}],"replies":[{"embeddable":true,"href":"https:\/\/tvnovelas.com.br\/news\/wp-json\/wp\/v2\/comments?post=1115"}],"version-history":[{"count":2,"href":"https:\/\/tvnovelas.com.br\/news\/wp-json\/wp\/v2\/posts\/1115\/revisions"}],"predecessor-version":[{"id":1117,"href":"https:\/\/tvnovelas.com.br\/news\/wp-json\/wp\/v2\/posts\/1115\/revisions\/1117"}],"wp:attachment":[{"href":"https:\/\/tvnovelas.com.br\/news\/wp-json\/wp\/v2\/media?parent=1115"}],"wp:term":[{"taxonomy":"category","embeddable":true,"href":"https:\/\/tvnovelas.com.br\/news\/wp-json\/wp\/v2\/categories?post=1115"},{"taxonomy":"post_tag","embeddable":true,"href":"https:\/\/tvnovelas.com.br\/news\/wp-json\/wp\/v2\/tags?post=1115"}],"curies":[{"name":"wp","href":"https:\/\/api.w.org\/{rel}","templated":true}]}}