{"id":8497,"date":"2021-09-30T12:50:05","date_gmt":"2021-09-30T15:50:05","guid":{"rendered":"https:\/\/tvnovelas.com.br\/filmes\/?p=8497"},"modified":"2021-09-30T13:02:11","modified_gmt":"2021-09-30T16:02:11","slug":"documentario-no-globoplay-exibe-bastidores-da-compra-de-vacinas-em-apuracao-na-cpi","status":"publish","type":"post","link":"https:\/\/tvnovelas.com.br\/filmes\/documentario-no-globoplay-exibe-bastidores-da-compra-de-vacinas-em-apuracao-na-cpi\/","title":{"rendered":"Document\u00e1rio no Globoplay exibe bastidores da compra de vacinas,em apura\u00e7\u00e3o na CPI"},"content":{"rendered":"<p><em>Not\u00edcias do Globoplay:<\/em><br \/>\n<img data-recalc-dims=\"1\" fetchpriority=\"high\" decoding=\"async\" class=\"alignnone wp-image-8504 size-full\" title=\"(Foto: Reprodud\u00e7\u00e3o\/Globoplay)\" src=\"https:\/\/i0.wp.com\/tvnovelas.com.br\/filmes\/wp-content\/uploads\/2021\/09\/30045c.jpg?resize=599%2C297&#038;ssl=1\" alt=\"Foto de \u2018A Corrida das Vacinas \u2013 Mercado Paralelo\u2019 em exibi\u00e7\u00e3o no Globoplay\" width=\"599\" height=\"297\" \/><br \/>\nAs principais linhas de investiga\u00e7\u00e3o da CPI da Covid e os bastidores da venda de vacinas para o Minist\u00e9rio da Sa\u00fade durante a pandemia que j\u00e1 matou quase 600 mil brasileiros est\u00e3o na nova s\u00e9rie documental original Globoplay, \u201cA Corrida das Vacinas \u2013 Mercado Paralelo\u201d, dispon\u00edvel na plataforma a partir desta quinta-feira, dia 30.<\/p>\n<p>Gravada nos Estados Unidos (Fl\u00f3rida e Texas) e no Brasil, a s\u00e9rie documental produzida pelo Jornalismo da Globo detalha, em dois epis\u00f3dios, os bastidores das negocia\u00e7\u00f5es \u2013 concretizadas ou n\u00e3o \u2013 com seus personagens intrigantes e depoimentos in\u00e9ditos. A dire\u00e7\u00e3o \u00e9 de \u00c1lvaro Pereira Jr., que tamb\u00e9m assina \u201cA Corrida das Vacinas\u201d, sobre a produ\u00e7\u00e3o do imunizante contra a covid-19, lan\u00e7ado em abril e tamb\u00e9m dispon\u00edvel no Globoplay.<\/p>\n<p>\u201cA s\u00e9rie mostra como a compra de vacinas de laborat\u00f3rios renomados foi retardada, enquanto o governo tratava com mercadores oportunistas e empresas que ofereciam vacinas menos conhecidas, mais caras e sem aprova\u00e7\u00e3o da Anvisa. Tivemos acesso a \u00e1reas exclusivas da CPI. Fizemos entrevistas exclusivas no Brasil e nos Estados Unidos com os principais envolvidos nos dois casos: da AstraZeneca e da Covaxin. Alguns nunca tinham falado \u00e0 imprensa sobre essa hist\u00f3ria\u201d, adianta \u00c1lvaro Pereira Jr.<\/p>\n<p>Nos Estados Unidos, a equipe entrevista personagens da negocia\u00e7\u00e3o de 400 milh\u00f5es de doses da vacina AstraZeneca que nunca se concretizou. No Brasil, mergulha nos bastidores da CPI, com seus depoimentos e revela\u00e7\u00f5es. \u00c1lvaro Pereira J\u00fanior conversa com o deputado federal Luis Miranda e o irm\u00e3o dele, Luis Ricardo, funcion\u00e1rio do Minist\u00e9rio da Sa\u00fade, respons\u00e1veis por den\u00fancias sobre press\u00f5es para a libera\u00e7\u00e3o de um contrato para compra da vacina indiana Covaxin, que inclu\u00eda um pagamento antecipado de US$ 45 milh\u00f5es.<\/p>\n<h3>\u00daltimas not\u00edcias:<\/h3>\n<h3><div class=\"pt-cv-wrapper\"><div class=\"pt-cv-view pt-cv-grid pt-cv-colsys\" id=\"pt-cv-view-6bd8abdjeq\"><div data-id=\"pt-cv-page-1\" class=\"pt-cv-page\" data-cvc=\"1\"><div class=\"col-md-12 col-sm-12 col-xs-12 pt-cv-content-item pt-cv-1-col\" ><div class='pt-cv-ifield'><h4 class=\"pt-cv-title\"><a href=\"https:\/\/tvnovelas.com.br\/filmes\/temporada-3-de-euphoria-estreia-domingo-dia-12-4-na-hbo-max\/\" class=\"_blank\" target=\"_blank\" >Temporada 3 de Euphoria estreia domingo, dia 12\/4, na HBO Max<\/a><\/h4><\/div><\/div>\n<div class=\"col-md-12 col-sm-12 col-xs-12 pt-cv-content-item pt-cv-1-col\" ><div class='pt-cv-ifield'><h4 class=\"pt-cv-title\"><a href=\"https:\/\/tvnovelas.com.br\/filmes\/a-netflix-estreia-live-action-de-cavaleiros-do-zodiaco\/\" class=\"_blank\" target=\"_blank\" >A Netflix estreia live-action de Cavaleiros do Zod\u00edaco<\/a><\/h4><\/div><\/div>\n<div class=\"col-md-12 col-sm-12 col-xs-12 pt-cv-content-item pt-cv-1-col\" ><div class='pt-cv-ifield'><h4 class=\"pt-cv-title\"><a href=\"https:\/\/tvnovelas.com.br\/filmes\/minha-fera-estreia-no-globoplay-neste-sabado-28-de-marco\/\" class=\"_blank\" target=\"_blank\" >&#8220;Minha Fera&#8221; estreia no Globoplay neste s\u00e1bado, 28 de mar\u00e7o<\/a><\/h4><\/div><\/div>\n<div class=\"col-md-12 col-sm-12 col-xs-12 pt-cv-content-item pt-cv-1-col\" ><div class='pt-cv-ifield'><h4 class=\"pt-cv-title\"><a href=\"https:\/\/tvnovelas.com.br\/filmes\/supergirl-chega-aos-cinemas-em-junho\/\" class=\"_blank\" target=\"_blank\" >Supergirl chega aos cinemas em junho<\/a><\/h4><\/div><\/div>\n<div class=\"col-md-12 col-sm-12 col-xs-12 pt-cv-content-item pt-cv-1-col\" ><div class='pt-cv-ifield'><h4 class=\"pt-cv-title\"><a href=\"https:\/\/tvnovelas.com.br\/filmes\/serie-os-casos-de-harry-hole-estreia-na-netflix-nesta-quinta-dia-26\/\" class=\"_blank\" target=\"_blank\" >S\u00e9rie &#8216;Os casos de Harry Hole&#8217; estreia na Netflix nesta quinta, dia 26<\/a><\/h4><\/div><\/div>\n<div class=\"col-md-12 col-sm-12 col-xs-12 pt-cv-content-item pt-cv-1-col\" ><div class='pt-cv-ifield'><h4 class=\"pt-cv-title\"><a href=\"https:\/\/tvnovelas.com.br\/filmes\/chamas-do-destino-cicek-abre-mao-de-fortuna-para-ficar-com-atlas\/\" class=\"_blank\" target=\"_blank\" >Chamas do Destino:  Cicek abre m\u00e3o de fortuna para ficar com Atlas<\/a><\/h4><\/div><\/div>\n<div class=\"col-md-12 col-sm-12 col-xs-12 pt-cv-content-item pt-cv-1-col\" ><div class='pt-cv-ifield'><h4 class=\"pt-cv-title\"><a href=\"https:\/\/tvnovelas.com.br\/filmes\/bridgerton-4at-parte-2-chega-nesta-quinta-26-na-netflix\/\" class=\"_blank\" target=\"_blank\" >Bridgerton (4\u00aaT), parte 2 chega nesta quinta (26), na Netflix<\/a><\/h4><\/div><\/div>\n<div class=\"col-md-12 col-sm-12 col-xs-12 pt-cv-content-item pt-cv-1-col\" ><div class='pt-cv-ifield'><h4 class=\"pt-cv-title\"><a href=\"https:\/\/tvnovelas.com.br\/filmes\/programacao-de-filmes-na-tv-para-o-fim-de-semana\/\" class=\"_blank\" target=\"_blank\" >Programa\u00e7\u00e3o de filmes na TV para o fim de semana<\/a><\/h4><\/div><\/div>\n<div class=\"col-md-12 col-sm-12 col-xs-12 pt-cv-content-item pt-cv-1-col\" ><div class='pt-cv-ifield'><h4 class=\"pt-cv-title\"><a href=\"https:\/\/tvnovelas.com.br\/filmes\/serie-aniela-chega-na-netflix-dia-11-de-junho\/\" class=\"_blank\" target=\"_blank\" >S\u00e9rie Aniela chega na Netflix dia 11 de junho<\/a><\/h4><\/div><\/div>\n<div class=\"col-md-12 col-sm-12 col-xs-12 pt-cv-content-item pt-cv-1-col\" ><div class='pt-cv-ifield'><h4 class=\"pt-cv-title\"><a href=\"https:\/\/tvnovelas.com.br\/filmes\/a-idade-dourada-t3-estreia-no-max-dia-21-de-junho\/\" class=\"_blank\" target=\"_blank\" >A Idade Dourada (T3) estreia no Max em 21 de junho<\/a><\/h4><\/div><\/div><\/div><\/div><\/div><\/h3>\n<h3>Saiba mais<\/h3>\n<p><a href=\"https:\/\/www.tvnovelas.com.br\/filmes\/\" target=\"_blank\" rel=\"noopener noreferrer\"><strong>Programa\u00e7\u00e3o de filmes na TV aberta<\/strong><\/a><br \/>\n<a href=\"https:\/\/tvnovelas.com.br\/filmes\/minisserie-criada-maid-abre-as-estreias-de-outubro-da-netflix\/\" target=\"_blank\" rel=\"noopener noreferrer\"><strong>Estreias de in\u00e9ditos na Netflix no m\u00eas de outubro\/2021<\/strong><\/a><br \/>\n<a href=\"https:\/\/tvnovelas.com.br\/filmes\/filmes-e-series-ineditos-em-estreia-na-semana-na-netflix\/\" target=\"_blank\" rel=\"noopener noreferrer\"><strong>Estreias da semana na Netflix<\/strong><\/a><br \/>\n<a href=\"https:\/\/tvnovelas.com.br\/filmes\/o-que-ha-de-novo-no-globoplay\/\" target=\"_blank\" rel=\"noopener noreferrer\"><strong>Estreias e novidades no Globoplay<\/strong><\/a><br \/>\n<a href=\"https:\/\/www.tvnovelas.com.br\/novelas\/\" target=\"_blank\" rel=\"noopener noreferrer\"><strong>Resumos de novelas<\/strong><\/a><br \/>\n<a href=\"https:\/\/caetenews.com.br\/semana\/filmes-da-globo-na-sessao-da-tarde-desta-semana\/\" target=\"_blank\" rel=\"noopener\"><strong>Confira os filmes da semana na Sess\u00e3o da Tarde<\/strong><\/a><\/p>\n","protected":false},"excerpt":{"rendered":"<p>Em \u2018A Corrida das Vacinas \u2013 Mercado Paralelo\u2019, as principais linhas de investiga\u00e7\u00e3o da CPI da Covid e os bastidores da venda de vacinas&#8230;<\/p>\n","protected":false},"author":1,"featured_media":8498,"comment_status":"closed","ping_status":"closed","sticky":false,"template":"","format":"standard","meta":{"_monsterinsights_skip_tracking":false,"_monsterinsights_sitenote_active":false,"_monsterinsights_sitenote_note":"","_monsterinsights_sitenote_category":0,"magazine_newspaper_sidebar_layout":"","_jetpack_memberships_contains_paid_content":false,"footnotes":"","_wp_rev_ctl_limit":""},"categories":[168],"tags":[286,175],"class_list":["post-8497","post","type-post","status-publish","format-standard","has-post-thumbnail","hentry","category-globoplay","tag-estreias-no-globoplay","tag-globoplay"],"aioseo_notices":[],"jetpack_featured_media_url":"https:\/\/i0.wp.com\/tvnovelas.com.br\/filmes\/wp-content\/uploads\/2021\/09\/30045.jpg?fit=600%2C338&ssl=1","jetpack_shortlink":"https:\/\/wp.me\/pcO6EW-2d3","jetpack_sharing_enabled":true,"_links":{"self":[{"href":"https:\/\/tvnovelas.com.br\/filmes\/wp-json\/wp\/v2\/posts\/8497","targetHints":{"allow":["GET"]}}],"collection":[{"href":"https:\/\/tvnovelas.com.br\/filmes\/wp-json\/wp\/v2\/posts"}],"about":[{"href":"https:\/\/tvnovelas.com.br\/filmes\/wp-json\/wp\/v2\/types\/post"}],"author":[{"embeddable":true,"href":"https:\/\/tvnovelas.com.br\/filmes\/wp-json\/wp\/v2\/users\/1"}],"replies":[{"embeddable":true,"href":"https:\/\/tvnovelas.com.br\/filmes\/wp-json\/wp\/v2\/comments?post=8497"}],"version-history":[{"count":0,"href":"https:\/\/tvnovelas.com.br\/filmes\/wp-json\/wp\/v2\/posts\/8497\/revisions"}],"wp:featuredmedia":[{"embeddable":true,"href":"https:\/\/tvnovelas.com.br\/filmes\/wp-json\/wp\/v2\/media\/8498"}],"wp:attachment":[{"href":"https:\/\/tvnovelas.com.br\/filmes\/wp-json\/wp\/v2\/media?parent=8497"}],"wp:term":[{"taxonomy":"category","embeddable":true,"href":"https:\/\/tvnovelas.com.br\/filmes\/wp-json\/wp\/v2\/categories?post=8497"},{"taxonomy":"post_tag","embeddable":true,"href":"https:\/\/tvnovelas.com.br\/filmes\/wp-json\/wp\/v2\/tags?post=8497"}],"curies":[{"name":"wp","href":"https:\/\/api.w.org\/{rel}","templated":true}]}}