{"id":8189,"date":"2021-09-11T14:14:35","date_gmt":"2021-09-11T17:14:35","guid":{"rendered":"https:\/\/tvnovelas.com.br\/filmes\/?p=8189"},"modified":"2021-09-11T14:14:35","modified_gmt":"2021-09-11T17:14:35","slug":"nova-temporada-de-segunda-chamada-ja-esta-no-globoplay","status":"publish","type":"post","link":"https:\/\/tvnovelas.com.br\/filmes\/nova-temporada-de-segunda-chamada-ja-esta-no-globoplay\/","title":{"rendered":"Nova temporada de \u2018Segunda Chamada\u2019 j\u00e1 est\u00e1 no Globoplay"},"content":{"rendered":"<p><em>Segunda Chamada:<\/em><br \/>\n<img data-recalc-dims=\"1\" fetchpriority=\"high\" decoding=\"async\" class=\"alignnone wp-image-8190 size-full\" title=\" (Foto: Globo \/ F\u00e1bio Rocha)\" src=\"https:\/\/i0.wp.com\/tvnovelas.com.br\/filmes\/wp-content\/uploads\/2021\/09\/29878.jpg?resize=600%2C360&#038;ssl=1\" alt=\"Foto de cena de Segunda Chamada\" width=\"600\" height=\"360\" \/><br \/>\nNeste ano, o cen\u00e1rio do curso noturno para jovens e adultos da Escola Estadual Carolina Maria de Jesus \u00e9 ainda mais preocupante do que o habitual e coloca em risco a pr\u00f3pria exist\u00eancia do turno, na nova temporada da s\u00e9rie \u2018Segunda Chamada\u2019. Escrita por Carla Faour e J\u00falia Spadaccini e com dire\u00e7\u00e3o art\u00edstica de Joana Jabace, a obra j\u00e1 est\u00e1 no Glonoplay a partir desta sexta-feira, dia 10.<\/p>\n<p>As poucas matr\u00edculas n\u00e3o s\u00e3o suficientes para manter os port\u00f5es abertos e \u00e9 preciso um milagre para que os estudantes n\u00e3o voltem para casa sem o t\u00e3o sonhado diploma. O diretor Jaci (Paulo Gorgulho) n\u00e3o encontra solu\u00e7\u00e3o para o problema e se v\u00ea obrigado a comunicar aos colegas que n\u00e3o h\u00e1 mais nada a ser feito, deixando silenciosa a pequena sala dos professores.<\/p>\n<p>Angustiados com a not\u00edcia, os educadores parecem n\u00e3o acreditar que foram em v\u00e3o os anos de luta contra a p\u00e9ssima infraestrutura, a falta de reconhecimento e o cansa\u00e7o extremo, tudo em prol da educa\u00e7\u00e3o. Como desistir quando o objetivo de educar jovens e adultos ainda est\u00e1 longe de terminar?<\/p>\n<h3>\u00daltimas not\u00edcias:<\/h3>\n<h3><div class=\"pt-cv-wrapper\"><div class=\"pt-cv-view pt-cv-grid pt-cv-colsys\" id=\"pt-cv-view-6bd8abdjeq\"><div data-id=\"pt-cv-page-1\" class=\"pt-cv-page\" data-cvc=\"1\"><div class=\"col-md-12 col-sm-12 col-xs-12 pt-cv-content-item pt-cv-1-col\" ><div class='pt-cv-ifield'><h4 class=\"pt-cv-title\"><a href=\"https:\/\/tvnovelas.com.br\/filmes\/temporada-3-de-euphoria-estreia-domingo-dia-12-4-na-hbo-max\/\" class=\"_blank\" target=\"_blank\" >Temporada 3 de Euphoria estreia domingo, dia 12\/4, na HBO Max<\/a><\/h4><\/div><\/div>\n<div class=\"col-md-12 col-sm-12 col-xs-12 pt-cv-content-item pt-cv-1-col\" ><div class='pt-cv-ifield'><h4 class=\"pt-cv-title\"><a href=\"https:\/\/tvnovelas.com.br\/filmes\/a-netflix-estreia-live-action-de-cavaleiros-do-zodiaco\/\" class=\"_blank\" target=\"_blank\" >A Netflix estreia live-action de Cavaleiros do Zod\u00edaco<\/a><\/h4><\/div><\/div>\n<div class=\"col-md-12 col-sm-12 col-xs-12 pt-cv-content-item pt-cv-1-col\" ><div class='pt-cv-ifield'><h4 class=\"pt-cv-title\"><a href=\"https:\/\/tvnovelas.com.br\/filmes\/minha-fera-estreia-no-globoplay-neste-sabado-28-de-marco\/\" class=\"_blank\" target=\"_blank\" >&#8220;Minha Fera&#8221; estreia no Globoplay neste s\u00e1bado, 28 de mar\u00e7o<\/a><\/h4><\/div><\/div>\n<div class=\"col-md-12 col-sm-12 col-xs-12 pt-cv-content-item pt-cv-1-col\" ><div class='pt-cv-ifield'><h4 class=\"pt-cv-title\"><a href=\"https:\/\/tvnovelas.com.br\/filmes\/supergirl-chega-aos-cinemas-em-junho\/\" class=\"_blank\" target=\"_blank\" >Supergirl chega aos cinemas em junho<\/a><\/h4><\/div><\/div>\n<div class=\"col-md-12 col-sm-12 col-xs-12 pt-cv-content-item pt-cv-1-col\" ><div class='pt-cv-ifield'><h4 class=\"pt-cv-title\"><a href=\"https:\/\/tvnovelas.com.br\/filmes\/serie-os-casos-de-harry-hole-estreia-na-netflix-nesta-quinta-dia-26\/\" class=\"_blank\" target=\"_blank\" >S\u00e9rie &#8216;Os casos de Harry Hole&#8217; estreia na Netflix nesta quinta, dia 26<\/a><\/h4><\/div><\/div>\n<div class=\"col-md-12 col-sm-12 col-xs-12 pt-cv-content-item pt-cv-1-col\" ><div class='pt-cv-ifield'><h4 class=\"pt-cv-title\"><a href=\"https:\/\/tvnovelas.com.br\/filmes\/chamas-do-destino-cicek-abre-mao-de-fortuna-para-ficar-com-atlas\/\" class=\"_blank\" target=\"_blank\" >Chamas do Destino:  Cicek abre m\u00e3o de fortuna para ficar com Atlas<\/a><\/h4><\/div><\/div>\n<div class=\"col-md-12 col-sm-12 col-xs-12 pt-cv-content-item pt-cv-1-col\" ><div class='pt-cv-ifield'><h4 class=\"pt-cv-title\"><a href=\"https:\/\/tvnovelas.com.br\/filmes\/bridgerton-4at-parte-2-chega-nesta-quinta-26-na-netflix\/\" class=\"_blank\" target=\"_blank\" >Bridgerton (4\u00aaT), parte 2 chega nesta quinta (26), na Netflix<\/a><\/h4><\/div><\/div>\n<div class=\"col-md-12 col-sm-12 col-xs-12 pt-cv-content-item pt-cv-1-col\" ><div class='pt-cv-ifield'><h4 class=\"pt-cv-title\"><a href=\"https:\/\/tvnovelas.com.br\/filmes\/programacao-de-filmes-na-tv-para-o-fim-de-semana\/\" class=\"_blank\" target=\"_blank\" >Programa\u00e7\u00e3o de filmes na TV para o fim de semana<\/a><\/h4><\/div><\/div>\n<div class=\"col-md-12 col-sm-12 col-xs-12 pt-cv-content-item pt-cv-1-col\" ><div class='pt-cv-ifield'><h4 class=\"pt-cv-title\"><a href=\"https:\/\/tvnovelas.com.br\/filmes\/serie-aniela-chega-na-netflix-dia-11-de-junho\/\" class=\"_blank\" target=\"_blank\" >S\u00e9rie Aniela chega na Netflix dia 11 de junho<\/a><\/h4><\/div><\/div>\n<div class=\"col-md-12 col-sm-12 col-xs-12 pt-cv-content-item pt-cv-1-col\" ><div class='pt-cv-ifield'><h4 class=\"pt-cv-title\"><a href=\"https:\/\/tvnovelas.com.br\/filmes\/a-idade-dourada-t3-estreia-no-max-dia-21-de-junho\/\" class=\"_blank\" target=\"_blank\" >A Idade Dourada (T3) estreia no Max em 21 de junho<\/a><\/h4><\/div><\/div><\/div><\/div><\/div><\/h3>\n<h3>Saiba mais<\/h3>\n<p><a href=\"https:\/\/www.tvnovelas.com.br\/filmes\/\" target=\"_blank\" rel=\"noopener noreferrer\"><strong>Programa\u00e7\u00e3o de filmes na TV aberta<\/strong><\/a><br \/>\n<a href=\"https:\/\/tvnovelas.com.br\/filmes\/the-chair-valerie-2-e-todas-as-estreias-da-netflix-para-agosto\/\" target=\"_blank\" rel=\"noopener noreferrer\"><strong>Estreias de in\u00e9ditos na Netflix no m\u00eas de agosto\/2021<\/strong><\/a><br \/>\n<a href=\"https:\/\/tvnovelas.com.br\/filmes\/filmes-e-series-ineditos-em-estreia-na-semana-na-netflix\/\" target=\"_blank\" rel=\"noopener noreferrer\"><strong>Estreias da semana na Netflix<\/strong><\/a><br \/>\n<a href=\"https:\/\/tvnovelas.com.br\/filmes\/o-que-ha-de-novo-no-globoplay\/\" target=\"_blank\" rel=\"noopener noreferrer\"><strong>Estreias e novidades no Globoplay<\/strong><\/a><br \/>\n<a href=\"https:\/\/www.tvnovelas.com.br\/novelas\/\" target=\"_blank\" rel=\"noopener noreferrer\"><strong>Resumos de novelas<\/strong><\/a><br \/>\n<a href=\"https:\/\/caetenews.com.br\/semana\/filmes-da-globo-na-sessao-da-tarde-desta-semana\/\" target=\"_blank\" rel=\"noopener\"><strong>Confira os filmes da semana na Sess\u00e3o da Tarde<\/strong><\/a><\/p>\n","protected":false},"excerpt":{"rendered":"<p>Nova temporada de Segunda Chamada: Neste ano, o cen\u00e1rio do curso noturno para jovens e adultos da Escola Estadual Carolina&#8230;.<\/p>\n","protected":false},"author":1,"featured_media":8190,"comment_status":"closed","ping_status":"closed","sticky":false,"template":"","format":"standard","meta":{"_monsterinsights_skip_tracking":false,"_monsterinsights_sitenote_active":false,"_monsterinsights_sitenote_note":"","_monsterinsights_sitenote_category":0,"magazine_newspaper_sidebar_layout":"","_jetpack_memberships_contains_paid_content":false,"footnotes":"","_wp_rev_ctl_limit":""},"categories":[168],"tags":[175],"class_list":["post-8189","post","type-post","status-publish","format-standard","has-post-thumbnail","hentry","category-globoplay","tag-globoplay"],"aioseo_notices":[],"jetpack_featured_media_url":"https:\/\/i0.wp.com\/tvnovelas.com.br\/filmes\/wp-content\/uploads\/2021\/09\/29878.jpg?fit=600%2C360&ssl=1","jetpack_shortlink":"https:\/\/wp.me\/pcO6EW-285","jetpack_sharing_enabled":true,"_links":{"self":[{"href":"https:\/\/tvnovelas.com.br\/filmes\/wp-json\/wp\/v2\/posts\/8189","targetHints":{"allow":["GET"]}}],"collection":[{"href":"https:\/\/tvnovelas.com.br\/filmes\/wp-json\/wp\/v2\/posts"}],"about":[{"href":"https:\/\/tvnovelas.com.br\/filmes\/wp-json\/wp\/v2\/types\/post"}],"author":[{"embeddable":true,"href":"https:\/\/tvnovelas.com.br\/filmes\/wp-json\/wp\/v2\/users\/1"}],"replies":[{"embeddable":true,"href":"https:\/\/tvnovelas.com.br\/filmes\/wp-json\/wp\/v2\/comments?post=8189"}],"version-history":[{"count":0,"href":"https:\/\/tvnovelas.com.br\/filmes\/wp-json\/wp\/v2\/posts\/8189\/revisions"}],"wp:featuredmedia":[{"embeddable":true,"href":"https:\/\/tvnovelas.com.br\/filmes\/wp-json\/wp\/v2\/media\/8190"}],"wp:attachment":[{"href":"https:\/\/tvnovelas.com.br\/filmes\/wp-json\/wp\/v2\/media?parent=8189"}],"wp:term":[{"taxonomy":"category","embeddable":true,"href":"https:\/\/tvnovelas.com.br\/filmes\/wp-json\/wp\/v2\/categories?post=8189"},{"taxonomy":"post_tag","embeddable":true,"href":"https:\/\/tvnovelas.com.br\/filmes\/wp-json\/wp\/v2\/tags?post=8189"}],"curies":[{"name":"wp","href":"https:\/\/api.w.org\/{rel}","templated":true}]}}