{"id":8145,"date":"2021-09-08T11:18:53","date_gmt":"2021-09-08T14:18:53","guid":{"rendered":"https:\/\/tvnovelas.com.br\/filmes\/?p=8145"},"modified":"2021-09-08T11:20:58","modified_gmt":"2021-09-08T14:20:58","slug":"patrulha-canina-e-maligno-estreiam-no-cinema-nesta-quinta-dia-9","status":"publish","type":"post","link":"https:\/\/tvnovelas.com.br\/filmes\/patrulha-canina-e-maligno-estreiam-no-cinema-nesta-quinta-dia-9\/","title":{"rendered":"&#8216;Patrulha Canina&#8217; e &#8221;Maligno&#8217; estreiam no cinema nesta quinta, dia 9"},"content":{"rendered":"<h3>Patrulha Canina: O Filme<\/h3>\n<p><img data-recalc-dims=\"1\" fetchpriority=\"high\" decoding=\"async\" src=\"https:\/\/i0.wp.com\/tvnovelas.com.br\/filmes\/wp-content\/uploads\/2021\/09\/patrulhacanina.jpg?resize=600%2C334&#038;ssl=1\" alt=\"Foto de divulga\u00e7\u00e3o de Patrulha Canina, em estreia no cinema\" width=\"600\" height=\"334\" class=\"alignnone size-full wp-image-8147\" \/><br \/>\nInfantil<br \/>\nDiretor: Cal Brunker<br \/>\n<strong>Estreia em 09 de setembro<\/strong><br \/>\nO Filme \u00e9 uma produ\u00e7\u00e3o Nickelodeon e a Spin Master em parceria com a Paramount Pictures. O longa acompanha um grupo de c\u00e3es falantes que utilizam equipamentos especializados para investigar e resolver crimes, evitando desastres na pequena cidade onde moram. Classifica\u00e7\u00e3o indicativa livre.<br \/>\n<iframe width=\"560\" height=\"315\" src=\"https:\/\/www.youtube.com\/embed\/x9JRGwjkqeY\" title=\"YouTube video player\" frameborder=\"0\" allow=\"accelerometer; autoplay; clipboard-write; encrypted-media; gyroscope; picture-in-picture\" allowfullscreen><\/iframe><\/p>\n<h3>Maligno<\/h3>\n<p><img data-recalc-dims=\"1\" decoding=\"async\" src=\"https:\/\/i0.wp.com\/tvnovelas.com.br\/filmes\/wp-content\/uploads\/2021\/09\/maligno.jpg?resize=600%2C360&#038;ssl=1\" alt=\"Foto de divulga\u00e7\u00e3o de Maligno, em estreia no cinema\" width=\"600\" height=\"360\" class=\"alignnone size-full wp-image-8146\" \/><br \/>\nTerror<br \/>\n<strong>Estreia em 09 de setembro<\/strong><br \/>\nClassifica\u00e7\u00e3o: 16 Anos<br \/>\nDire\u00e7\u00e3o: James Wan<br \/>\nElenco: Annabelle Wallis, Maddie Hasson, George Young, Mckenna Grace<br \/>\nNo filme, Madison est\u00e1 paralisada por vis\u00f5es chocantes de assassinatos horr\u00edveis, e seu tormento piora quando ela descobre que esses verdadeiros pesadelos, sonhados \u00e0 luz do dia, se tornam, de fato, realidades aterrorizantes Classifica\u00e7\u00e3o indicativa 16 anos, cont\u00e9m medo, viol\u00eancia extrema e linguagem impr\u00f3pria.<br \/>\n<iframe width=\"560\" height=\"315\" src=\"https:\/\/www.youtube.com\/embed\/ztD7-r7nFVY\" title=\"YouTube video player\" frameborder=\"0\" allow=\"accelerometer; autoplay; clipboard-write; encrypted-media; gyroscope; picture-in-picture\" allowfullscreen><\/iframe><\/p>\n","protected":false},"excerpt":{"rendered":"<p>&#8216;Patrulha Canina&#8217; e &#8221;Maligno&#8217; estreiam no cinema nesta quinta. Patrulha Canina: O Flme, \u00e9 uma produ\u00e7\u00e3o Nickelodeon&#8230;<\/p>\n","protected":false},"author":1,"featured_media":8147,"comment_status":"closed","ping_status":"closed","sticky":false,"template":"","format":"standard","meta":{"_monsterinsights_skip_tracking":false,"_monsterinsights_sitenote_active":false,"_monsterinsights_sitenote_note":"","_monsterinsights_sitenote_category":0,"magazine_newspaper_sidebar_layout":"","_jetpack_memberships_contains_paid_content":false,"footnotes":"","_wp_rev_ctl_limit":""},"categories":[203],"tags":[108,654],"class_list":["post-8145","post","type-post","status-publish","format-standard","has-post-thumbnail","hentry","category-cinema","tag-cinema","tag-patrulha-canina"],"aioseo_notices":[],"jetpack_featured_media_url":"https:\/\/i0.wp.com\/tvnovelas.com.br\/filmes\/wp-content\/uploads\/2021\/09\/patrulhacanina.jpg?fit=600%2C334&ssl=1","jetpack_shortlink":"https:\/\/wp.me\/pcO6EW-27n","jetpack_sharing_enabled":true,"_links":{"self":[{"href":"https:\/\/tvnovelas.com.br\/filmes\/wp-json\/wp\/v2\/posts\/8145","targetHints":{"allow":["GET"]}}],"collection":[{"href":"https:\/\/tvnovelas.com.br\/filmes\/wp-json\/wp\/v2\/posts"}],"about":[{"href":"https:\/\/tvnovelas.com.br\/filmes\/wp-json\/wp\/v2\/types\/post"}],"author":[{"embeddable":true,"href":"https:\/\/tvnovelas.com.br\/filmes\/wp-json\/wp\/v2\/users\/1"}],"replies":[{"embeddable":true,"href":"https:\/\/tvnovelas.com.br\/filmes\/wp-json\/wp\/v2\/comments?post=8145"}],"version-history":[{"count":0,"href":"https:\/\/tvnovelas.com.br\/filmes\/wp-json\/wp\/v2\/posts\/8145\/revisions"}],"wp:featuredmedia":[{"embeddable":true,"href":"https:\/\/tvnovelas.com.br\/filmes\/wp-json\/wp\/v2\/media\/8147"}],"wp:attachment":[{"href":"https:\/\/tvnovelas.com.br\/filmes\/wp-json\/wp\/v2\/media?parent=8145"}],"wp:term":[{"taxonomy":"category","embeddable":true,"href":"https:\/\/tvnovelas.com.br\/filmes\/wp-json\/wp\/v2\/categories?post=8145"},{"taxonomy":"post_tag","embeddable":true,"href":"https:\/\/tvnovelas.com.br\/filmes\/wp-json\/wp\/v2\/tags?post=8145"}],"curies":[{"name":"wp","href":"https:\/\/api.w.org\/{rel}","templated":true}]}}