{"id":8010,"date":"2021-09-06T12:16:15","date_gmt":"2021-09-06T15:16:15","guid":{"rendered":"https:\/\/tvnovelas.com.br\/filmes\/?p=8010"},"modified":"2021-09-06T13:40:09","modified_gmt":"2021-09-06T16:40:09","slug":"estreias-no-telecine-na-semana-30-08-a-06-de-setembro","status":"publish","type":"post","link":"https:\/\/tvnovelas.com.br\/filmes\/estreias-no-telecine-na-semana-30-08-a-06-de-setembro\/","title":{"rendered":"Estreias no Telecine na semana 06 a 13 de setembro"},"content":{"rendered":"<p><em>Not\u00edcias do Telecine:<\/em><br \/>\n<figure id=\"attachment_8117\" aria-describedby=\"caption-attachment-8117\" style=\"width: 600px\" class=\"wp-caption alignnone\"><img data-recalc-dims=\"1\" fetchpriority=\"high\" decoding=\"async\" src=\"https:\/\/i0.wp.com\/tvnovelas.com.br\/filmes\/wp-content\/uploads\/2021\/08\/perdasedanos.jpg?resize=600%2C360&#038;ssl=1\" alt=\"Foto de Perdas e Danos, em Telecine\" width=\"600\" height=\"360\" class=\"size-full wp-image-8117\" \/><figcaption id=\"caption-attachment-8117\" class=\"wp-caption-text\">&#8216;Perdas e Danos&#8217; est\u00e1 entre as estreias da semana<\/figcaption><\/figure><\/p>\n<h3>Acampamento do Pecado<\/h3>\n<p><img data-recalc-dims=\"1\" decoding=\"async\" src=\"https:\/\/i0.wp.com\/tvnovelas.com.br\/filmes\/wp-content\/uploads\/2021\/09\/acmpamento.jpg?resize=600%2C338&#038;ssl=1\" alt=\"Foto de Acampamento do Pecado, em estreia no Telecine\" width=\"600\" height=\"338\" class=\"alignnone size-full wp-image-8108\" \/><br \/>\n(Yes, God, Yes)<br \/>\nCom\u00e9dia, Com\u00e9dia Dram\u00e1tica<br \/>\n<strong>Estreia em 06 de setembro<\/strong><br \/>\nDire\u00e7\u00e3o: Karen Maine<br \/>\nCom Natalia Dyer, Timothy Simons, Wolfgang Novogratz, Alisha Boe<br \/>\nAlice (Natalia Dyer) \u00e9 uma adolescente descobrindo a sexualidade em meio \u00e0s r\u00edgidas exig\u00eacias de uma escola cat\u00f3lica. Enviada a um retiro para reencontrar Deus em sua vida, a menina se depara com o inesperado &#8211; ou proibido &#8211; ao longo da conviv\u00eancia com Chris (Wolfgang Novogratz), Nina (Alisha Boe) e outros jovens. Dos mesmos produtores de &#8220;Me Chame Pelo Seu Nome&#8221;.<\/p>\n<h3>Perdas e Danos (2020)<\/h3>\n<p><img data-recalc-dims=\"1\" decoding=\"async\" src=\"https:\/\/i0.wp.com\/tvnovelas.com.br\/filmes\/wp-content\/uploads\/2021\/08\/perdasedanos.jpg?resize=600%2C360&#038;ssl=1\" alt=\"Foto de Perdas e Danos, em Telecine\" width=\"600\" height=\"360\" class=\"alignnone size-full wp-image-8117\" \/><br \/>\n(Fatale (2020))<br \/>\nEUA (2020) &#8211; Suspense, Suspense Dram\u00e1tico<br \/>\n<strong>Estreia em  7 de setembro<\/strong><br \/>\nDire\u00e7\u00e3o: Deon Taylor<br \/>\nCom Michael Ealy, Hilary Swank, Mike Colter, Damaris Lewis<br \/>\nDarren (Michael Ealy) passa a noite com uma mulher misteriosa (Hilary Swank) durante uma crise no seu casamento com Tracie (Damaris Lewis). Ap\u00f3s o evento, enquanto est\u00e1 em sua casa com a esposa, um invasor entra no local gerando uma complicada investiga\u00e7\u00e3o pollicial. No entanto, Darren logo descobre que o ocorrido pode estar ligado \u00e0 trai\u00e7\u00e3o.<\/p>\n<h3>Acrim\u00f4nia &#8211; Ela Quer Vingan\u00e7a<\/h3>\n<p><img data-recalc-dims=\"1\" loading=\"lazy\" decoding=\"async\" src=\"https:\/\/i0.wp.com\/tvnovelas.com.br\/filmes\/wp-content\/uploads\/2021\/08\/acrimonia.jpg?resize=600%2C360&#038;ssl=1\" alt=\"Foto de Acrim\u00f4nia - Ela Quer Vingan\u00e7a, em Telecine\" width=\"600\" height=\"360\" class=\"alignnone size-full wp-image-8118\" \/><br \/>\n((Acrimony)<br \/>\nSuspense, Suspense Dram\u00e1tico<br \/>\n<strong>Estreia em  09 de setembro<\/strong><br \/>\nSuspense, Suspense Dram\u00e1tico<br \/>\nDire\u00e7\u00e3o: Tyler Perry<br \/>\nCom Taraji P. Henson, Lyriq Bent, Crystle Stewart, Ptosha Storey<br \/>\nMelinda (Taraji P. Henson) sempre deu todo o suporte para Robert (Lyriq Bent). Juntos desde a juventude, ela costumava ser a rocha em quem o marido se ancorava. Em sua melhor fase, Robert troca Melinda por outra mulher sem dar muitas satisfa\u00e7\u00f5es. Tomada pelo desejo de vingan\u00e7a, ela arma um plano sem limites para desgra\u00e7ar a vida dele.<\/p>\n<h3>O Mauritano<\/h3>\n<p><img data-recalc-dims=\"1\" loading=\"lazy\" decoding=\"async\" src=\"https:\/\/i0.wp.com\/tvnovelas.com.br\/filmes\/wp-content\/uploads\/2021\/08\/omauritano.jpg?resize=600%2C360&#038;ssl=1\" alt=\"Foto de O Mauritano, em Telecine\" width=\"600\" height=\"360\" class=\"alignnone size-full wp-image-8119\" \/><br \/>\n(The Mauritanian)<br \/>\nEstados Unidos\/ Reino Unido<br \/>\nDrama, Drama A\u00e7\u00e3o<br \/>\nEstreia em 11 de setembro<br \/>\nDire\u00e7\u00e3o: Kevin Macdonald<br \/>\nCom Tahar Rahim, Jodie Foster, Shailene Woodley, Benedict Cumberbatch, Nouhe Bari, Saadna Hamoud<br \/>\nA hist\u00f3ria real da luta de Mohamedou Ould Slahi (Tahar Rahim) pela liberdade ap\u00f3s ficar preso injustamente por mais de uma d\u00e9cada. J\u00e1 sem esperan\u00e7as, ele conhece a advogada de defesa Nancy Hollander (Jodie Foster), que entra no caso disposta a fazer justi\u00e7a. Junto a seu associado Teri Duncan (Shailene Woodley), Nancy reunir\u00e1 provas in\u00e9ditas que ajudar\u00e3o a tirar Slahi de tr\u00e1s das grades. Dirigido por Kevin Macdonald e indicado a 5 categorias do BAFTA, incluindo Melhor Filme.<\/p>\n<h3>Precisamos Falar Sobre A.I.<\/h3>\n<p><img data-recalc-dims=\"1\" loading=\"lazy\" decoding=\"async\" src=\"https:\/\/i0.wp.com\/tvnovelas.com.br\/filmes\/wp-content\/uploads\/2021\/08\/precisamosfalar.jpg?resize=600%2C338&#038;ssl=1\" alt=\"Foto Precisamos Falar Sobre A.I., em Telecine\" width=\"600\" height=\"338\" class=\"alignnone size-full wp-image-8120\" \/><br \/>\n(We Need To Talk About A.I)<br \/>\nNova Zel\u00e2ndia (2020) &#8211; Document\u00e1rio, Document\u00e1rio Independente<br \/>\n<em>Estreia em 12 de setembro<\/em><br \/>\nDire\u00e7\u00e3o: Leanne Pooley<br \/>\nElenco: Sam Harris, Max Tegmark, Keir Dullea<br \/>\nUm debate sobre o futuro da Intelig\u00eancia Artificial, analisando como ela pode impactar nossa sociedade nos pr\u00f3ximos anos. Contando com a opini\u00e3o de diversos especialistas no assunto, o document\u00e1rio levanta questionamentos e alertas sobre este tipo de tecnologia.<br \/>\n<iframe width=\"560\" height=\"315\" src=\"https:\/\/www.youtube.com\/embed\/UgAa6nZKJjQ\" title=\"YouTube video player\" frameborder=\"0\" allow=\"accelerometer; autoplay; clipboard-write; encrypted-media; gyroscope; picture-in-picture\" allowfullscreen><\/iframe><\/p>\n<h3>\u00c9 Para o Seu Pr\u00f3prio Bem<\/h3>\n<p><img data-recalc-dims=\"1\" loading=\"lazy\" decoding=\"async\" src=\"https:\/\/i0.wp.com\/tvnovelas.com.br\/filmes\/wp-content\/uploads\/2021\/08\/eparaseu.jpg?resize=597%2C427&#038;ssl=1\" alt=\"Foto de \u00c9 Para o Seu Pr\u00f3prio Bem, em Telecine\" width=\"597\" height=\"427\" class=\"alignnone size-full wp-image-8121\" \/><br \/>\nEs Ist Zu Deinem Besten<br \/>\nAlemanha (2020)Com\u00e9dia, Com\u00e9dia Independente<br \/>\n<em>Estreia em 13 de setembro<\/em><br \/>\nDire\u00e7\u00e3o: Marc Rothemund<br \/>\nCom Heiner Lauterbach, J\u00fcrgen Vogel, Hilmi S\u00f6zer, Janina Uhse, Lara Aylin Winkler, Lisa-Marie Koroll<br \/>\nArthur (Heiner Lauterbach), Bernhard (J\u00fcrgen Vogel) e Yusuf (Hilmi S\u00f6zer) s\u00e3o amigos de longa data que n\u00e3o aprovam os namorados de suas respectivas filhas. Descontentes, os tr\u00eas entram em acordo para boicotar os relacionamentos das jovens.<\/p>\n","protected":false},"excerpt":{"rendered":"<p>Entre as estreias no Telecine na semana 30\/08 a 06 de setembro est\u00e3o Perdas e Danos, Acrim\u00f4nia &#8211; Ela Quer Vingan\u00e7a e Acrim\u00f4nia&#8230;<\/p>\n","protected":false},"author":1,"featured_media":0,"comment_status":"closed","ping_status":"closed","sticky":false,"template":"","format":"standard","meta":{"_monsterinsights_skip_tracking":false,"_monsterinsights_sitenote_active":false,"_monsterinsights_sitenote_note":"","_monsterinsights_sitenote_category":0,"magazine_newspaper_sidebar_layout":"","_jetpack_memberships_contains_paid_content":false,"footnotes":"","_wp_rev_ctl_limit":""},"categories":[488],"tags":[63],"class_list":["post-8010","post","type-post","status-publish","format-standard","hentry","category-telecine","tag-telecine"],"aioseo_notices":[],"jetpack_featured_media_url":"","jetpack_shortlink":"https:\/\/wp.me\/pcO6EW-25c","jetpack_sharing_enabled":true,"_links":{"self":[{"href":"https:\/\/tvnovelas.com.br\/filmes\/wp-json\/wp\/v2\/posts\/8010","targetHints":{"allow":["GET"]}}],"collection":[{"href":"https:\/\/tvnovelas.com.br\/filmes\/wp-json\/wp\/v2\/posts"}],"about":[{"href":"https:\/\/tvnovelas.com.br\/filmes\/wp-json\/wp\/v2\/types\/post"}],"author":[{"embeddable":true,"href":"https:\/\/tvnovelas.com.br\/filmes\/wp-json\/wp\/v2\/users\/1"}],"replies":[{"embeddable":true,"href":"https:\/\/tvnovelas.com.br\/filmes\/wp-json\/wp\/v2\/comments?post=8010"}],"version-history":[{"count":0,"href":"https:\/\/tvnovelas.com.br\/filmes\/wp-json\/wp\/v2\/posts\/8010\/revisions"}],"wp:attachment":[{"href":"https:\/\/tvnovelas.com.br\/filmes\/wp-json\/wp\/v2\/media?parent=8010"}],"wp:term":[{"taxonomy":"category","embeddable":true,"href":"https:\/\/tvnovelas.com.br\/filmes\/wp-json\/wp\/v2\/categories?post=8010"},{"taxonomy":"post_tag","embeddable":true,"href":"https:\/\/tvnovelas.com.br\/filmes\/wp-json\/wp\/v2\/tags?post=8010"}],"curies":[{"name":"wp","href":"https:\/\/api.w.org\/{rel}","templated":true}]}}