{"id":26686,"date":"2026-04-04T16:52:03","date_gmt":"2026-04-04T19:52:03","guid":{"rendered":"https:\/\/tvnovelas.com.br\/filmes\/?p=26686"},"modified":"2026-04-06T12:31:47","modified_gmt":"2026-04-06T15:31:47","slug":"temporada-3-de-euphoria-estreia-domingo-dia-12-4-na-hbo-max","status":"publish","type":"post","link":"https:\/\/tvnovelas.com.br\/filmes\/temporada-3-de-euphoria-estreia-domingo-dia-12-4-na-hbo-max\/","title":{"rendered":"Temporada 3 de Euphoria estreia domingo, dia 12\/4, na HBO Max"},"content":{"rendered":"<figure id=\"attachment_26688\" aria-describedby=\"caption-attachment-26688\" style=\"width: 728px\" class=\"wp-caption alignnone\"><img data-recalc-dims=\"1\" fetchpriority=\"high\" decoding=\"async\" class=\"wp-image-26688 size-full\" title=\"Foto: HBO Max\/Euphoria\" src=\"https:\/\/i0.wp.com\/tvnovelas.com.br\/filmes\/wp-content\/uploads\/2026\/04\/13076.jpg?resize=640%2C360&#038;ssl=1\" alt=\"Foto em Temporada 3 de Euphoria estreia domingo, dia 12, no HBO Max\" width=\"640\" height=\"360\" \/><figcaption id=\"caption-attachment-26688\" class=\"wp-caption-text\">Temporada 3 de Euphoria estreia domingo, dia 12, no HBO Max<\/figcaption><\/figure>\n<p>A HBO Max confirmou a estreia da terceira e \u00faltima temporada de &#8220;Euphoria&#8221; para no domingo, 12 de abril. A data marca o retorno da s\u00e9rie dram\u00e1tica quase quatro anos depois.<\/p>\n<p>Euphoria \u00e9 uma das s\u00e9ries mais assistidas de toda a hist\u00f3ria da HBO e suas duas primeiras temporadas ganharam 25 Emmy indica\u00e7\u00f5es, incluindo nove vit\u00f3rias.<\/p>\n<p>O drama adolescente &#8220;Euphoria&#8221;, que estreou em 2019, segue um grupo de estudantes do ensino m\u00e9dio na cidade fict\u00edcia de East Highland, Calif\u00f3rnia, enquanto navegam pelo amor, perda, sexo, identidade e v\u00edcio.<\/p>\n<p>A 3a temporada, dirigida pelo criador Sam Levinson, mostra o grupo principal de personagens entrando na idade adulta. A nova temporada explora temas de f\u00e9, reden\u00e7\u00e3o e as consequ\u00eancias duradouras de a\u00e7\u00f5es passadas.<\/p>\n<p>Zendaya retorna ao lado de grande parte do elenco original, incluindo Hunter Schafer como Jules Vaughn, Jacob Elordi como Nate Jacobs e Sydney Sweeney como Cassie Howard.<\/p>\n<p>A temporada de oito epis\u00f3dios tamb\u00e9m marcar\u00e1 sua estr\u00e9ia oficial na HBO Max em 12 de abril, com novos epis\u00f3dios lan\u00e7ados semanalmente, com o epis\u00f3dio final indo ao ar em 31 de maio.<br \/>\n<iframe title=\"YouTube video player\" src=\"https:\/\/www.youtube.com\/embed\/mydZKo2V40s?si=6T309kkHQHAJEF-B\" width=\"728\" height=\"410\" frameborder=\"0\" allowfullscreen=\"allowfullscreen\"><\/iframe><br \/>\n<!--FIM--><br \/>\n<a href=\"https:\/\/tvnovelas.com.br\/filmes\/\" target=\"_blank\" rel=\"noopener\">Confira a Programa\u00e7\u00e3o de Filmes na TV aberta<\/a><br \/>\n<a href=\"https:\/\/www.facebook.com\/tevenovelas\/\" target=\"_blank\" rel=\"noopener\">As \u00faltimas not\u00edcias do TV Novelas no Facebook<\/a><br \/>\n<a href=\"https:\/\/tvnovelas.com.br\/tvnews\/\" target=\"_blank\" rel=\"noopener\">O que vai acontecer nas novelas<\/a><br \/>\n<a href=\"https:\/\/tvnovelas.com.br\/novelas\/\" target=\"_blank\" rel=\"noopener\">Resumos de todas as novelas<\/a><br \/>\n<a href=\"https:\/\/classindportal.mj.gov.br\/consulta-filmes\" target=\"_blank\" rel=\"noopener\">Consulte a classifica\u00e7\u00e3o indicativa dos filmes e novelas<\/a><br \/>\n<div class=\"wpra-display align\" data-display-id=\"2\" hx-target=\"this\" hx-swap=\"outerHTML\">    <div class=\"wp-rss-aggregator wpra-list-template \">\n        <ul class=\"rss-aggregator wpra-item-list wpra-item-list--bullets wpra-item-list--default\" start=\"1\">\n                <li class=\"wpra-item feed-item \">\n        <a href=\"https:\/\/www.tvnovelas.com.br\/tvnews\/guerra-das-rosas-cihan-vibra-com-desistencia-de-gulru-de-casar-com-mert\/\" class=\"\" target=\"_blank\" rel=\"noopener noreferrer nofollow\" style=\"\">Guerra das Rosas: Cihan vibra com desist\u00eancia de Gulru de casar com Mert<\/a>\n\n        <div class=\"wprss-feed-meta\">\n            \n                <span class=\"time-ago\">\n        Publicado em 23 horas ago\n    <\/span>\n            \n        <\/div>\n\n        \n    <\/li>    <li class=\"wpra-item feed-item \">\n        <a href=\"https:\/\/www.tvnovelas.com.br\/tvnews\/coracao-de-mae-irmak-denuncia-adnan\/\" class=\"\" target=\"_blank\" rel=\"noopener noreferrer nofollow\" style=\"\">Cora\u00e7\u00e3o de M\u00e3e: Irmak denuncia Adnan<\/a>\n\n        <div class=\"wprss-feed-meta\">\n            \n                <span class=\"time-ago\">\n        Publicado em 23 horas ago\n    <\/span>\n            \n        <\/div>\n\n        \n    <\/li>    <li class=\"wpra-item feed-item \">\n        <a href=\"https:\/\/www.tvnovelas.com.br\/tvnews\/a-nobreza-do-amor-mirinho-e-obrigado-a-resgatar-tonho\/\" class=\"\" target=\"_blank\" rel=\"noopener noreferrer nofollow\" style=\"\">A Nobreza do Amor: Mirinho \u00e9 obrigado a resgatar Tonho<\/a>\n\n        <div class=\"wprss-feed-meta\">\n            \n                <span class=\"time-ago\">\n        Publicado em 1 dia ago\n    <\/span>\n            \n        <\/div>\n\n        \n    <\/li>    <li class=\"wpra-item feed-item \">\n        <a href=\"https:\/\/www.tvnovelas.com.br\/tvnews\/tres-gracas-paulinho-e-afastado-da-policia-por-causa-de-gerluce\/\" class=\"\" target=\"_blank\" rel=\"noopener noreferrer nofollow\" style=\"\">Tr\u00eas Gra\u00e7as: Paulinho \u00e9 afastado da pol\u00edcia por causa de Gerluce<\/a>\n\n        <div class=\"wprss-feed-meta\">\n            \n                <span class=\"time-ago\">\n        Publicado em 1 dia ago\n    <\/span>\n            \n        <\/div>\n\n        \n    <\/li>    <li class=\"wpra-item feed-item \">\n        <a href=\"https:\/\/www.tvnovelas.com.br\/tvnews\/coracao-de-mae-irmak-inicia-jogo-arriscado-contra-adnan\/\" class=\"\" target=\"_blank\" rel=\"noopener noreferrer nofollow\" style=\"\">Cora\u00e7\u00e3o de M\u00e3e: Irmak inicia jogo arriscado contra Adnan<\/a>\n\n        <div class=\"wprss-feed-meta\">\n            \n                <span class=\"time-ago\">\n        Publicado em 2 dias ago\n    <\/span>\n            \n        <\/div>\n\n        \n    <\/li>    <li class=\"wpra-item feed-item \">\n        <a href=\"https:\/\/www.tvnovelas.com.br\/tvnews\/guerra-das-rosas-omer-chama-gulru-vestida-de-noiva-para-fugir\/\" class=\"\" target=\"_blank\" rel=\"noopener noreferrer nofollow\" style=\"\">Guerra das Rosas: Omer chama Gulru vestida de noiva para fugir<\/a>\n\n        <div class=\"wprss-feed-meta\">\n            \n                <span class=\"time-ago\">\n        Publicado em 2 dias ago\n    <\/span>\n            \n        <\/div>\n\n        \n    <\/li>    <li class=\"wpra-item feed-item \">\n        <a href=\"https:\/\/www.tvnovelas.com.br\/tvnews\/coracao-de-mae-reha-sai-para-jantar-com-selvi\/\" class=\"\" target=\"_blank\" rel=\"noopener noreferrer nofollow\" style=\"\">Cora\u00e7\u00e3o de M\u00e3e: Reha sai para jantar com Selvi<\/a>\n\n        <div class=\"wprss-feed-meta\">\n            \n                <span class=\"time-ago\">\n        Publicado em 2 dias ago\n    <\/span>\n            \n        <\/div>\n\n        \n    <\/li>    <li class=\"wpra-item feed-item \">\n        <a href=\"https:\/\/www.tvnovelas.com.br\/tvnews\/coracao-acelerado-zila-se-preocupa-com-sua-situacao-apos-separacao\/\" class=\"\" target=\"_blank\" rel=\"noopener noreferrer nofollow\" style=\"\">Cora\u00e7\u00e3o Acelerado: Zil\u00e1 se preocupa com sua situa\u00e7\u00e3o ap\u00f3s separa\u00e7\u00e3o<\/a>\n\n        <div class=\"wprss-feed-meta\">\n            \n                <span class=\"time-ago\">\n        Publicado em 2 dias ago\n    <\/span>\n            \n        <\/div>\n\n        \n    <\/li>    <li class=\"wpra-item feed-item \">\n        <a href=\"https:\/\/www.tvnovelas.com.br\/tvnews\/a-nobreza-do-amor-tonho-nao-se-curva-diante-de-mirinho\/\" class=\"\" target=\"_blank\" rel=\"noopener noreferrer nofollow\" style=\"\">A Nobreza do Amor: Tonho n\u00e3o se curva diante de Mirinho<\/a>\n\n        <div class=\"wprss-feed-meta\">\n            \n                <span class=\"time-ago\">\n        Publicado em 2 dias ago\n    <\/span>\n            \n        <\/div>\n\n        \n    <\/li>    <li class=\"wpra-item feed-item \">\n        <a href=\"https:\/\/www.tvnovelas.com.br\/tvnews\/tres-gracas-arminda-surta-ao-confirmar-que-ferette-e-pai-de-raul\/\" class=\"\" target=\"_blank\" rel=\"noopener noreferrer nofollow\" style=\"\">Tr\u00eas Gra\u00e7as: Arminda surta ao confirmar que Ferette \u00e9 pai de Raul<\/a>\n\n        <div class=\"wprss-feed-meta\">\n            \n                <span class=\"time-ago\">\n        Publicado em 2 dias ago\n    <\/span>\n            \n        <\/div>\n\n        \n    <\/li>\n        <\/ul>\n    <\/div> <\/div><\/p>\n","protected":false},"excerpt":{"rendered":"<p>Temporada 3 de Euphoria estreia domingo, dia 12, no HBO Max&#8230; A HBO Max confirmou a estreia da terceira e \u00faltima temporada de &#8220;Euphoria&#8221;  para no domingo&#8230;<\/p>\n","protected":false},"author":1,"featured_media":26688,"comment_status":"closed","ping_status":"closed","sticky":false,"template":"","format":"standard","meta":{"_monsterinsights_skip_tracking":false,"_monsterinsights_sitenote_active":false,"_monsterinsights_sitenote_note":"","_monsterinsights_sitenote_category":0,"magazine_newspaper_sidebar_layout":"","_jetpack_memberships_contains_paid_content":false,"footnotes":"","_wp_rev_ctl_limit":""},"categories":[618],"tags":[821,619,357],"class_list":["post-26686","post","type-post","status-publish","format-standard","has-post-thumbnail","hentry","category-hbo-max","tag-euphoria","tag-hbo-max","tag-serie"],"aioseo_notices":[],"jetpack_featured_media_url":"https:\/\/i0.wp.com\/tvnovelas.com.br\/filmes\/wp-content\/uploads\/2026\/04\/13076.jpg?fit=728%2C410&ssl=1","jetpack_shortlink":"https:\/\/wp.me\/pcO6EW-6Wq","jetpack_sharing_enabled":true,"_links":{"self":[{"href":"https:\/\/tvnovelas.com.br\/filmes\/wp-json\/wp\/v2\/posts\/26686","targetHints":{"allow":["GET"]}}],"collection":[{"href":"https:\/\/tvnovelas.com.br\/filmes\/wp-json\/wp\/v2\/posts"}],"about":[{"href":"https:\/\/tvnovelas.com.br\/filmes\/wp-json\/wp\/v2\/types\/post"}],"author":[{"embeddable":true,"href":"https:\/\/tvnovelas.com.br\/filmes\/wp-json\/wp\/v2\/users\/1"}],"replies":[{"embeddable":true,"href":"https:\/\/tvnovelas.com.br\/filmes\/wp-json\/wp\/v2\/comments?post=26686"}],"version-history":[{"count":3,"href":"https:\/\/tvnovelas.com.br\/filmes\/wp-json\/wp\/v2\/posts\/26686\/revisions"}],"predecessor-version":[{"id":26731,"href":"https:\/\/tvnovelas.com.br\/filmes\/wp-json\/wp\/v2\/posts\/26686\/revisions\/26731"}],"wp:featuredmedia":[{"embeddable":true,"href":"https:\/\/tvnovelas.com.br\/filmes\/wp-json\/wp\/v2\/media\/26688"}],"wp:attachment":[{"href":"https:\/\/tvnovelas.com.br\/filmes\/wp-json\/wp\/v2\/media?parent=26686"}],"wp:term":[{"taxonomy":"category","embeddable":true,"href":"https:\/\/tvnovelas.com.br\/filmes\/wp-json\/wp\/v2\/categories?post=26686"},{"taxonomy":"post_tag","embeddable":true,"href":"https:\/\/tvnovelas.com.br\/filmes\/wp-json\/wp\/v2\/tags?post=26686"}],"curies":[{"name":"wp","href":"https:\/\/api.w.org\/{rel}","templated":true}]}}