{"id":14864,"date":"2024-09-05T12:03:46","date_gmt":"2024-09-05T15:03:46","guid":{"rendered":"https:\/\/tvnovelas.com.br\/filmes\/?p=14864"},"modified":"2026-04-25T10:16:33","modified_gmt":"2026-04-25T13:16:33","slug":"filmes-na-tv-sabado2","status":"publish","type":"post","link":"https:\/\/tvnovelas.com.br\/filmes\/filmes-na-tv-sabado2\/","title":{"rendered":"Filmes na TV: s\u00e1bado, 25 de abril"},"content":{"rendered":"<h3>Filmes na TV: s\u00e1bado<\/h3>\n<p style=\"text-align: center; font-size: 120%;\">Programa\u00e7\u00e3o di\u00e1ria dos filmes na TV aberta. Filmes da Globo, Band, SBT, Record.<br \/>\n<a href=\"https:\/\/tvnovelas.com.br\/filmes\/filmes-na-tv-segunda\/\"><strong>Segunda<\/strong><\/a> &#8211; <a href=\"https:\/\/tvnovelas.com.br\/filmes\/filmes-na-tv-terca\/\"><strong>Ter\u00e7a<\/strong><\/a> &#8211; <a href=\"https:\/\/tvnovelas.com.br\/filmes\/filmes-na-tv-quarta\/\"><strong>Quarta<\/strong><\/a> &#8211; <a href=\"https:\/\/tvnovelas.com.br\/filmes\/filmes-na-tv-quinta\/\"><strong>Quinta<\/strong><\/a> &#8211; <a href=\"https:\/\/tvnovelas.com.br\/filmes\/filmes-na-tv-sexta\/\"><strong>Sexta<\/strong><\/a> &#8211; <a href=\"https:\/\/tvnovelas.com.br\/filmes\/filmes-na-tv-sabado2\/\"><strong>S\u00e1bado<\/strong><\/a> &#8211; <a href=\"https:\/\/tvnovelas.com.br\/filmes\/filmes-na-tv-domingo2\/\"><strong>Domingo<\/strong><\/a><\/p>\n<p><!--INICIO--><br \/>\n<strong>Um Dia Especial, Globo, 14h40<\/strong> Dire\u00e7\u00e3o: Michael Hoffman. Com Michele Pfeiffer, George Clooney. Um dia ca\u00f3tico na vida profissional de uma arquiteta e de um jornalista ambos divorciados, que se veem obrigados a cuidar de seus filhos numa ocasi\u00e3o que pode ser decisiva para suas respectivas carreiras. De personalidades marcantes, os dois a princ\u00edpio se estranham mas, depois, come\u00e7am a se sentir atra\u00eddos um pelo outro.<\/p>\n<p><strong>Ca\u00e7ador de Recompensas, SBT, 14h45<\/strong>  Com Jennifer Aniston, Gerard Butler. Milo Boyd \u00e9 um ex-policial que se tornou ca\u00e7ador de recompensas. Sua miss\u00e3o \u00e9 prender a rep\u00f3rter Nicole, que tamb\u00e9m \u00e9 sua ex-esposa. Ele acaba descobrindo que tem mais gente atr\u00e1s dela devido a uma reportagem sobre um poss\u00edvel assassinato. Os dois ficam na mira dos criminosos e decidem se juntar para escapar do perigo.<\/p>\n<p><strong>Invas\u00e3o Alien\u00edgena, Record, 15h<\/strong> Com Wesley Snipes, RJ Mitte. De f\u00e9rias, um grupo de amigos escolhe uma casa em um lago remoto para o recesso. A \u00faltima coisa que eles imaginavam era que o planeta est\u00e1 sob uma invas\u00e3o alien\u00edgena e abdu\u00e7\u00e3o em massa.<\/p>\n<p><strong>Ladr\u00f5es de Cinema, TV Brasil, 21h<\/strong> Brasil.  Com\u00e9dia. Dire\u00e7\u00e3o: Fernando Coni Campos. Com Milton Gon\u00e7alves, Lutero Luiz. Durante o Carnaval, no Rio de Janeiro, uma equipe de cineastas norte-americanos tem seu material de filmagem roubado no bloco que eles estavam documentando. Os ladr\u00f5es, do morro do Pav\u00e3ozinho, resolvem eles mesmos fazer um filme, tendo a Inconfid\u00eancia Mineira como tema. A popula\u00e7\u00e3o da comunidade adere \u00e0 ideia com o mesmo esp\u00edrito da prepara\u00e7\u00e3o de uma escola de samba, com exce\u00e7\u00e3o de Silv\u00e9rio (Lutero Luiz), que preferia vender o equipamento e dividir o dinheiro.<\/p>\n<p><strong>As Duas Irenes, Futura, 22h30<\/strong> Com Priscila Bittencourt, Isabela Torres. Uma menina de 13 anos, de uma fam\u00edlia tradicional do interior, descobre que seu pai tem uma filha com outra mulher, e que essa menina tem a mesma idade e o mesmo nome dela.<\/p>\n<p><strong>M\u00e1 Conduta, Record, 23h<\/strong> Com Josh Duhamel, Al Pacino. Um jovem e ambicioso advogado assume um importante caso contra um poderoso executivo de uma grande ind\u00fastria farmac\u00eautica. Logo ele se v\u00ea envolvido em um caso de chantagem e corrup\u00e7\u00e3o.<\/p>\n<p><strong>Tenta\u00e7\u00e3o no Deserto, Band, 2h30<\/strong> Com Amy Lindsay, Kim Yates. Duas mulheres visitam uma cidade hist\u00f3rica dos Estados Unidos e s\u00e3o transportadas mais de um s\u00e9culo no tempo para o Velho Oeste. L\u00e1, elas s\u00e3o confundidas com garotas de bordel, e anseiam por alguma a\u00e7\u00e3o real de caub\u00f3i.<\/p>\n<p><strong>Ladr\u00f5es de Cinema, TV Brasil, 3h<\/strong> (reprise) Brasil.  Com\u00e9dia. Dire\u00e7\u00e3o: Fernando Coni Campos. Com Milton Gon\u00e7alves, Lutero Luiz. Durante o Carnaval, no Rio de Janeiro, uma equipe de cineastas norte-americanos tem seu material de filmagem roubado no bloco que eles estavam documentando. Os ladr\u00f5es, do morro do Pav\u00e3ozinho, resolvem eles mesmos fazer um filme, tendo a Inconfid\u00eancia Mineira como tema. A popula\u00e7\u00e3o da comunidade adere \u00e0 ideia com o mesmo esp\u00edrito da prepara\u00e7\u00e3o de uma escola de samba, com exce\u00e7\u00e3o de Silv\u00e9rio (Lutero Luiz), que preferia vender o equipamento e dividir o dinheiro.<\/p>\n<p><strong>Meu Vizinho Adolf, Band, 4h<\/strong> Com David Hayman, Udo Kie. O senhor Polsky \u00e9 um solit\u00e1rio e mal-humorado sobrevivente do Holocausto que vive uma vida pacata em uma cidadezinha. At\u00e9 que um homem misterioso se muda para a casa ao lado, e Polsky come\u00e7a a achar que seu novo vizinho \u00e9 Adolf Hitler. Inconformado, ele come\u00e7a a se aproximar do poss\u00edvel Hitler, tudo com a inten\u00e7\u00e3o de traz\u00ea-lo \u00e0 justi\u00e7a.<\/p>\n<p><strong>De Pernas Pro Ar 2, Globo, 4h25<\/strong> Com Ingrid Guimar\u00e3es, Bruno Garcia. Alice, agora uma empres\u00e1ria bem-sucedida, est\u00e1 estressada com os neg\u00f3cios da sua rede de sex shop. Durante a festa de comemora\u00e7\u00e3o da sua cent\u00e9sima loja no brasil, ela tem um surto e acaba sendo internada num spa, onde conhece outras pessoas que lidam com suas obsess\u00f5es. Ap\u00f3s fugir do local, Alice ir\u00e1 viajar com o marido para Nova York, tentando ao m\u00e1ximo esconder os seus compromissos profissionais na cidade.<br \/>\n<!--FIM DO POST--><\/p>\n<h2>Coment\u00e1rios em Filmes na TV<\/h2>\n<div class=\"fb-comments\" data-width=\"100%\" data-order-by=\"reverse_time\" data-numposts=\"5\"><\/div>\n<p><a href=\"https:\/\/tvnovelas.com.br\/novelas\/\" rel=\"noopener\" target=\"_blank\">Resumos das novelas<\/a><\/p>\n<h2>\u00daltimas not\u00edcias das novelas<\/h2>\n<p><div class=\"wpra-display align\" data-display-id=\"1\" hx-target=\"this\" hx-swap=\"outerHTML\">    <div class=\"wp-rss-aggregator wpra-list-template \">\n        <ul class=\"rss-aggregator wpra-item-list wpra-item-list--bullets wpra-item-list--default\" start=\"1\">\n                <li class=\"wpra-item feed-item \">\n        <a href=\"https:\/\/www.tvnovelas.com.br\/tvnews\/coracao-de-mae-atilla-decide-abrir-o-jogo-com-karsu\/\" class=\"\" target=\"_blank\" rel=\"\" style=\"\">Cora\u00e7\u00e3o de M\u00e3e: Atilla decide abrir o jogo com Karsu<\/a>\n\n        <div class=\"wprss-feed-meta\">\n                <span class=\"feed-source\">\n        Source: tvnews\n    <\/span>\n                <span class=\"feed-date\">\n        Published on 2026-04-27\n    <\/span>\n            \n        <\/div>\n\n        \n    <\/li>    <li class=\"wpra-item feed-item \">\n        <a href=\"https:\/\/www.tvnovelas.com.br\/tvnews\/coracao-de-mae-adnan-e-preso-apos-denuncia-de-irmak\/\" class=\"\" target=\"_blank\" rel=\"\" style=\"\">Em Cora\u00e7\u00e3o de M\u00e3e: Adnan \u00e9 preso ap\u00f3s denuncia de Irmak<\/a>\n\n        <div class=\"wprss-feed-meta\">\n                <span class=\"feed-source\">\n        Source: tvnews\n    <\/span>\n                <span class=\"feed-date\">\n        Published on 2026-04-26\n    <\/span>\n            \n        <\/div>\n\n        \n    <\/li>    <li class=\"wpra-item feed-item \">\n        <a href=\"https:\/\/www.tvnovelas.com.br\/tvnews\/coracao-acelerado-mulher-choca-janete-ao-se-apresentar-como-amante-do-palhares\/\" class=\"\" target=\"_blank\" rel=\"\" style=\"\">Cora\u00e7\u00e3o Acelerado: Mulher choca Janete ao se apresentar como amante do Palhares<\/a>\n\n        <div class=\"wprss-feed-meta\">\n                <span class=\"feed-source\">\n        Source: tvnews\n    <\/span>\n                <span class=\"feed-date\">\n        Published on 2026-04-26\n    <\/span>\n            \n        <\/div>\n\n        \n    <\/li>    <li class=\"wpra-item feed-item \">\n        <a href=\"https:\/\/www.tvnovelas.com.br\/tvnews\/a-nobreza-do-amor-jendal-dobra-a-recompensa-por-alika\/\" class=\"\" target=\"_blank\" rel=\"\" style=\"\">A Nobreza do Amor: Jendal dobra a recompensa por Alika<\/a>\n\n        <div class=\"wprss-feed-meta\">\n                <span class=\"feed-source\">\n        Source: tvnews\n    <\/span>\n                <span class=\"feed-date\">\n        Published on 2026-04-26\n    <\/span>\n            \n        <\/div>\n\n        \n    <\/li>    <li class=\"wpra-item feed-item \">\n        <a href=\"https:\/\/www.tvnovelas.com.br\/tvnews\/tres-gracas-bagda-e-preso-por-juquinha\/\" class=\"\" target=\"_blank\" rel=\"\" style=\"\">Tr\u00eas Gra\u00e7as: Bagd\u00e1 \u00e9 preso por Juquinha<\/a>\n\n        <div class=\"wprss-feed-meta\">\n                <span class=\"feed-source\">\n        Source: tvnews\n    <\/span>\n                <span class=\"feed-date\">\n        Published on 2026-04-26\n    <\/span>\n            \n        <\/div>\n\n        \n    <\/li>    <li class=\"wpra-item feed-item \">\n        <a href=\"https:\/\/www.tvnovelas.com.br\/tvnews\/a-nobreza-do-amor-virginia-e-humilhada-apos-perder-concurso-de-miss\/\" class=\"\" target=\"_blank\" rel=\"\" style=\"\">A Nobreza do Amor: Virg\u00ednia \u00e9 humilhada ap\u00f3s perder concurso de miss<\/a>\n\n        <div class=\"wprss-feed-meta\">\n                <span class=\"feed-source\">\n        Source: tvnews\n    <\/span>\n                <span class=\"feed-date\">\n        Published on 2026-04-25\n    <\/span>\n            \n        <\/div>\n\n        \n    <\/li>    <li class=\"wpra-item feed-item \">\n        <a href=\"https:\/\/www.tvnovelas.com.br\/tvnews\/em-coracao-de-mae-nos-capitulos-da-semana-27-4-a-1o-05\/\" class=\"\" target=\"_blank\" rel=\"\" style=\"\">Em Cora\u00e7\u00e3o de M\u00e3e nos cap\u00edtulos da semana (27\/4 a 1\u00ba\/05)<\/a>\n\n        <div class=\"wprss-feed-meta\">\n                <span class=\"feed-source\">\n        Source: tvnews\n    <\/span>\n                <span class=\"feed-date\">\n        Published on 2026-04-24\n    <\/span>\n            \n        <\/div>\n\n        \n    <\/li>    <li class=\"wpra-item feed-item \">\n        <a href=\"https:\/\/www.tvnovelas.com.br\/tvnews\/coracao-de-mae-adnan-confessa-a-karsu-traicao-a-irmak\/\" class=\"\" target=\"_blank\" rel=\"\" style=\"\">Cora\u00e7\u00e3o de M\u00e3e: Adnan confessa a Karsu trai\u00e7\u00e3o a Irmak<\/a>\n\n        <div class=\"wprss-feed-meta\">\n                <span class=\"feed-source\">\n        Source: tvnews\n    <\/span>\n                <span class=\"feed-date\">\n        Published on 2026-04-23\n    <\/span>\n            \n        <\/div>\n\n        \n    <\/li>    <li class=\"wpra-item feed-item \">\n        <a href=\"https:\/\/www.tvnovelas.com.br\/tvnews\/chamas-do-destino-iskender-e-preso-apos-denuncia-de-cicek\/\" class=\"\" target=\"_blank\" rel=\"\" style=\"\">Chamas do Destino: Iskender \u00e9 preso ap\u00f3s den\u00fancia de Cicek<\/a>\n\n        <div class=\"wprss-feed-meta\">\n                <span class=\"feed-source\">\n        Source: tvnews\n    <\/span>\n                <span class=\"feed-date\">\n        Published on 2026-04-23\n    <\/span>\n            \n        <\/div>\n\n        \n    <\/li>    <li class=\"wpra-item feed-item \">\n        <a href=\"https:\/\/www.tvnovelas.com.br\/tvnews\/a-nobreza-do-amor-alika-desbanca-virginia-e-garante-vitoria-de-eugenia\/\" class=\"\" target=\"_blank\" rel=\"\" style=\"\">A Nobreza do Amor: Alika desbanca Virg\u00ednia e garante vit\u00f3ria de Eug\u00eania<\/a>\n\n        <div class=\"wprss-feed-meta\">\n                <span class=\"feed-source\">\n        Source: tvnews\n    <\/span>\n                <span class=\"feed-date\">\n        Published on 2026-04-23\n    <\/span>\n            \n        <\/div>\n\n        \n    <\/li>\n        <\/ul>\n    <\/div> <\/div><br \/>\n<a href=\"https:\/\/caetenews.com.br\/semana\/bridgerton-temporada-3-estreia-na-netflix-em-16-de-maio\/\" rel=\"noopener\" target=\"_blank\">Bridgerton temporada 3 estreia na Netflix em 16 de maio<\/a><\/p>\n","protected":false},"excerpt":{"rendered":"<p>Filmes na TV: sexta Filmes da Sess\u00e3o da Tarde, Programa\u00e7\u00e3o di\u00e1ria dos filmes na TV aberta. Filmes da Globo, Band, SBT, Record. Segunda &#8211; Ter\u00e7a &#8211; Quarta;&#8230;<\/p>\n","protected":false},"author":1,"featured_media":4651,"comment_status":"closed","ping_status":"closed","sticky":false,"template":"","format":"standard","meta":{"_monsterinsights_skip_tracking":false,"_monsterinsights_sitenote_active":false,"_monsterinsights_sitenote_note":"","_monsterinsights_sitenote_category":0,"magazine_newspaper_sidebar_layout":"","_jetpack_memberships_contains_paid_content":false,"footnotes":"","_wp_rev_ctl_limit":""},"categories":[514,701,210],"tags":[412,58],"class_list":["post-14864","post","type-post","status-publish","format-standard","has-post-thumbnail","hentry","category-agenda","category-filmes-na-tv","category-tv","tag-filmes-da-globo","tag-filmes-na-tv"],"aioseo_notices":[],"jetpack_featured_media_url":"https:\/\/i0.wp.com\/tvnovelas.com.br\/filmes\/wp-content\/uploads\/2020\/08\/filmesnatv500x340.png?fit=500%2C340&ssl=1","jetpack_shortlink":"https:\/\/wp.me\/pcO6EW-3RK","jetpack_sharing_enabled":true,"_links":{"self":[{"href":"https:\/\/tvnovelas.com.br\/filmes\/wp-json\/wp\/v2\/posts\/14864","targetHints":{"allow":["GET"]}}],"collection":[{"href":"https:\/\/tvnovelas.com.br\/filmes\/wp-json\/wp\/v2\/posts"}],"about":[{"href":"https:\/\/tvnovelas.com.br\/filmes\/wp-json\/wp\/v2\/types\/post"}],"author":[{"embeddable":true,"href":"https:\/\/tvnovelas.com.br\/filmes\/wp-json\/wp\/v2\/users\/1"}],"replies":[{"embeddable":true,"href":"https:\/\/tvnovelas.com.br\/filmes\/wp-json\/wp\/v2\/comments?post=14864"}],"version-history":[{"count":3,"href":"https:\/\/tvnovelas.com.br\/filmes\/wp-json\/wp\/v2\/posts\/14864\/revisions"}],"predecessor-version":[{"id":27264,"href":"https:\/\/tvnovelas.com.br\/filmes\/wp-json\/wp\/v2\/posts\/14864\/revisions\/27264"}],"wp:featuredmedia":[{"embeddable":true,"href":"https:\/\/tvnovelas.com.br\/filmes\/wp-json\/wp\/v2\/media\/4651"}],"wp:attachment":[{"href":"https:\/\/tvnovelas.com.br\/filmes\/wp-json\/wp\/v2\/media?parent=14864"}],"wp:term":[{"taxonomy":"category","embeddable":true,"href":"https:\/\/tvnovelas.com.br\/filmes\/wp-json\/wp\/v2\/categories?post=14864"},{"taxonomy":"post_tag","embeddable":true,"href":"https:\/\/tvnovelas.com.br\/filmes\/wp-json\/wp\/v2\/tags?post=14864"}],"curies":[{"name":"wp","href":"https:\/\/api.w.org\/{rel}","templated":true}]}}