{"id":14852,"date":"2024-09-05T12:08:34","date_gmt":"2024-09-05T15:08:34","guid":{"rendered":"https:\/\/tvnovelas.com.br\/filmes\/?p=14852"},"modified":"2026-04-27T10:29:32","modified_gmt":"2026-04-27T13:29:32","slug":"filmes-na-tv-segunda","status":"publish","type":"post","link":"https:\/\/tvnovelas.com.br\/filmes\/filmes-na-tv-segunda\/","title":{"rendered":"Filmes na TV: segunda-feira, 27 de abril"},"content":{"rendered":"<h3>Filmes na TV: segunda-feira<\/h3>\n<p style=\"text-align: center; font-size: 120%;\">Programa\u00e7\u00e3o di\u00e1ria dos filmes na TV aberta. Filmes da Globo, Band, SBT, Record.<br \/>\n<a href=\"https:\/\/tvnovelas.com.br\/filmes\/filmes-na-tv-segunda\/\"><strong>Segunda<\/strong><\/a> &#8211; <a href=\"https:\/\/tvnovelas.com.br\/filmes\/filmes-na-tv-terca\/\"><strong>Ter\u00e7a<\/strong><\/a> &#8211; <a href=\"https:\/\/tvnovelas.com.br\/filmes\/filmes-na-tv-quarta\/\"><strong>Quarta<\/strong><\/a> &#8211; <a href=\"https:\/\/tvnovelas.com.br\/filmes\/filmes-na-tv-quinta\/\"><strong>Quinta<\/strong><\/a> &#8211; <a href=\"https:\/\/tvnovelas.com.br\/filmes\/filmes-na-tv-sexta\/\"><strong>Sexta<\/strong><\/a> &#8211; <a href=\"https:\/\/tvnovelas.com.br\/filmes\/filmes-na-tv-sabado2\/\"><strong>S\u00e1bado<\/strong><\/a> &#8211; <a href=\"https:\/\/tvnovelas.com.br\/filmes\/filmes-na-tv-domingo2\/\"><strong>Domingo<\/strong><\/a><\/p>\n<p><!--IN\u00cdCIO--><br \/>\n<strong>A M\u00famia, Globo, 15h40<\/strong> The Mummy. EUA. A\u00e7\u00e3o. Diretor: Alex Kurtzman. Com Tom Cruise, Russell Crowe. Na Mesopot\u00e2mia, s\u00e9culos atr\u00e1s, Ahmanet tem seus planos interrompidos quando estava prestes a invocar Set, o deus da morte, para que juntos pudessem governar o mundo. Mumificada, ela \u00e9 aprisionada numa tumba.<\/p>\n<p><strong>A Chamada, Globo, 23h15<\/strong> Retribution. Fran\u00e7a\/ Alemnha\/ Espanha\/ EUA\/ Canad\u00e1\/ Irlanda. A\u00e7\u00e3o\/ Drama. Diretor: Nimr\u00f3d Antal. Com Embeth Davidtz, Liam Neeson. Enquanto dirige com os filhos, um homem recebe um telefonema de um agressor desconhecido que alega haver uma bomba no carro. Incapaz de sair do ve\u00edculo, ele precisa seguir uma s\u00e9rie de instru\u00e7\u00f5es distorcidas, enquanto tenta descobrir como sobreviver.<br \/>\n<!--FIM--><br \/>\n<em style=\"font-size: revert;\">A programa\u00e7\u00e3o est\u00e1 sempre sujeita a altera\u00e7\u00f5es pelas emissoras. E elas n\u00e3o s\u00e3o raras&#8230;<\/em><\/p>\n<h2>Coment\u00e1rios em Filmes na TV<\/h2>\n<div class=\"fb-comments\" data-width=\"100%\" data-order-by=\"reverse_time\" data-numposts=\"5\"><\/div>\n<p><a href=\"https:\/\/classindportal.mj.gov.br\/consulta-filmes\" target=\"_blank\" rel=\"noopener\">Consulte a classifica\u00e7\u00e3o indicativa dos filmes<\/a><br \/>\n<a href=\"https:\/\/tvnovelas.com.br\/filmes\/filmes-na-tv\/\" target=\"_blank\" rel=\"noopener\">Programa\u00e7\u00e3o de filmes na TV<\/a><\/p>\n<h2>\u00daltimas not\u00edcias das novelas<\/h2>\n<div class=\"wpra-display align\" data-display-id=\"1\" hx-target=\"this\" hx-swap=\"outerHTML\">    <div class=\"wp-rss-aggregator wpra-list-template \">\n        <ul class=\"rss-aggregator wpra-item-list wpra-item-list--bullets wpra-item-list--default\" start=\"1\">\n                <li class=\"wpra-item feed-item \">\n        <a href=\"https:\/\/www.tvnovelas.com.br\/tvnews\/guerra-das-rosas-cihan-vibra-com-desistencia-de-gulru-de-casar-com-mert\/\" class=\"\" target=\"_blank\" rel=\"\" style=\"\">Guerra das Rosas: Cihan vibra com desist\u00eancia de Gulru de casar com Mert<\/a>\n\n        <div class=\"wprss-feed-meta\">\n                <span class=\"feed-source\">\n        Source: tvnews\n    <\/span>\n                <span class=\"feed-date\">\n        Published on 2026-04-30\n    <\/span>\n            \n        <\/div>\n\n        \n    <\/li>    <li class=\"wpra-item feed-item \">\n        <a href=\"https:\/\/www.tvnovelas.com.br\/tvnews\/coracao-de-mae-irmak-denuncia-adnan\/\" class=\"\" target=\"_blank\" rel=\"\" style=\"\">Cora\u00e7\u00e3o de M\u00e3e: Irmak denuncia Adnan<\/a>\n\n        <div class=\"wprss-feed-meta\">\n                <span class=\"feed-source\">\n        Source: tvnews\n    <\/span>\n                <span class=\"feed-date\">\n        Published on 2026-04-30\n    <\/span>\n            \n        <\/div>\n\n        \n    <\/li>    <li class=\"wpra-item feed-item \">\n        <a href=\"https:\/\/www.tvnovelas.com.br\/tvnews\/a-nobreza-do-amor-mirinho-e-obrigado-a-resgatar-tonho\/\" class=\"\" target=\"_blank\" rel=\"\" style=\"\">A Nobreza do Amor: Mirinho \u00e9 obrigado a resgatar Tonho<\/a>\n\n        <div class=\"wprss-feed-meta\">\n                <span class=\"feed-source\">\n        Source: tvnews\n    <\/span>\n                <span class=\"feed-date\">\n        Published on 2026-04-30\n    <\/span>\n            \n        <\/div>\n\n        \n    <\/li>    <li class=\"wpra-item feed-item \">\n        <a href=\"https:\/\/www.tvnovelas.com.br\/tvnews\/tres-gracas-paulinho-e-afastado-da-policia-por-causa-de-gerluce\/\" class=\"\" target=\"_blank\" rel=\"\" style=\"\">Tr\u00eas Gra\u00e7as: Paulinho \u00e9 afastado da pol\u00edcia por causa de Gerluce<\/a>\n\n        <div class=\"wprss-feed-meta\">\n                <span class=\"feed-source\">\n        Source: tvnews\n    <\/span>\n                <span class=\"feed-date\">\n        Published on 2026-04-30\n    <\/span>\n            \n        <\/div>\n\n        \n    <\/li>    <li class=\"wpra-item feed-item \">\n        <a href=\"https:\/\/www.tvnovelas.com.br\/tvnews\/coracao-de-mae-irmak-inicia-jogo-arriscado-contra-adnan\/\" class=\"\" target=\"_blank\" rel=\"\" style=\"\">Cora\u00e7\u00e3o de M\u00e3e: Irmak inicia jogo arriscado contra Adnan<\/a>\n\n        <div class=\"wprss-feed-meta\">\n                <span class=\"feed-source\">\n        Source: tvnews\n    <\/span>\n                <span class=\"feed-date\">\n        Published on 2026-04-29\n    <\/span>\n            \n        <\/div>\n\n        \n    <\/li>    <li class=\"wpra-item feed-item \">\n        <a href=\"https:\/\/www.tvnovelas.com.br\/tvnews\/guerra-das-rosas-omer-chama-gulru-vestida-de-noiva-para-fugir\/\" class=\"\" target=\"_blank\" rel=\"\" style=\"\">Guerra das Rosas: Omer chama Gulru vestida de noiva para fugir<\/a>\n\n        <div class=\"wprss-feed-meta\">\n                <span class=\"feed-source\">\n        Source: tvnews\n    <\/span>\n                <span class=\"feed-date\">\n        Published on 2026-04-29\n    <\/span>\n            \n        <\/div>\n\n        \n    <\/li>    <li class=\"wpra-item feed-item \">\n        <a href=\"https:\/\/www.tvnovelas.com.br\/tvnews\/coracao-de-mae-reha-sai-para-jantar-com-selvi\/\" class=\"\" target=\"_blank\" rel=\"\" style=\"\">Cora\u00e7\u00e3o de M\u00e3e: Reha sai para jantar com Selvi<\/a>\n\n        <div class=\"wprss-feed-meta\">\n                <span class=\"feed-source\">\n        Source: tvnews\n    <\/span>\n                <span class=\"feed-date\">\n        Published on 2026-04-29\n    <\/span>\n            \n        <\/div>\n\n        \n    <\/li>    <li class=\"wpra-item feed-item \">\n        <a href=\"https:\/\/www.tvnovelas.com.br\/tvnews\/coracao-acelerado-zila-se-preocupa-com-sua-situacao-apos-separacao\/\" class=\"\" target=\"_blank\" rel=\"\" style=\"\">Cora\u00e7\u00e3o Acelerado: Zil\u00e1 se preocupa com sua situa\u00e7\u00e3o ap\u00f3s separa\u00e7\u00e3o<\/a>\n\n        <div class=\"wprss-feed-meta\">\n                <span class=\"feed-source\">\n        Source: tvnews\n    <\/span>\n                <span class=\"feed-date\">\n        Published on 2026-04-29\n    <\/span>\n            \n        <\/div>\n\n        \n    <\/li>    <li class=\"wpra-item feed-item \">\n        <a href=\"https:\/\/www.tvnovelas.com.br\/tvnews\/a-nobreza-do-amor-tonho-nao-se-curva-diante-de-mirinho\/\" class=\"\" target=\"_blank\" rel=\"\" style=\"\">A Nobreza do Amor: Tonho n\u00e3o se curva diante de Mirinho<\/a>\n\n        <div class=\"wprss-feed-meta\">\n                <span class=\"feed-source\">\n        Source: tvnews\n    <\/span>\n                <span class=\"feed-date\">\n        Published on 2026-04-29\n    <\/span>\n            \n        <\/div>\n\n        \n    <\/li>    <li class=\"wpra-item feed-item \">\n        <a href=\"https:\/\/www.tvnovelas.com.br\/tvnews\/tres-gracas-arminda-surta-ao-confirmar-que-ferette-e-pai-de-raul\/\" class=\"\" target=\"_blank\" rel=\"\" style=\"\">Tr\u00eas Gra\u00e7as: Arminda surta ao confirmar que Ferette \u00e9 pai de Raul<\/a>\n\n        <div class=\"wprss-feed-meta\">\n                <span class=\"feed-source\">\n        Source: tvnews\n    <\/span>\n                <span class=\"feed-date\">\n        Published on 2026-04-29\n    <\/span>\n            \n        <\/div>\n\n        \n    <\/li>\n        <\/ul>\n    <\/div> <\/div>\n","protected":false},"excerpt":{"rendered":"<p>Filmes na TV: sexta Filmes da Sess\u00e3o da Tarde, Programa\u00e7\u00e3o di\u00e1ria dos filmes na TV aberta. Filmes da Globo, Band, SBT, Record. Segunda &#8211; Ter\u00e7a &#8211; Quarta;&#8230;<\/p>\n","protected":false},"author":1,"featured_media":4651,"comment_status":"closed","ping_status":"closed","sticky":false,"template":"","format":"standard","meta":{"_monsterinsights_skip_tracking":false,"_monsterinsights_sitenote_active":false,"_monsterinsights_sitenote_note":"","_monsterinsights_sitenote_category":0,"magazine_newspaper_sidebar_layout":"","_jetpack_memberships_contains_paid_content":false,"footnotes":"","_wp_rev_ctl_limit":""},"categories":[514,701,210],"tags":[412,58],"class_list":["post-14852","post","type-post","status-publish","format-standard","has-post-thumbnail","hentry","category-agenda","category-filmes-na-tv","category-tv","tag-filmes-da-globo","tag-filmes-na-tv"],"aioseo_notices":[],"jetpack_featured_media_url":"https:\/\/i0.wp.com\/tvnovelas.com.br\/filmes\/wp-content\/uploads\/2020\/08\/filmesnatv500x340.png?fit=500%2C340&ssl=1","jetpack_shortlink":"https:\/\/wp.me\/pcO6EW-3Ry","jetpack_sharing_enabled":true,"_links":{"self":[{"href":"https:\/\/tvnovelas.com.br\/filmes\/wp-json\/wp\/v2\/posts\/14852","targetHints":{"allow":["GET"]}}],"collection":[{"href":"https:\/\/tvnovelas.com.br\/filmes\/wp-json\/wp\/v2\/posts"}],"about":[{"href":"https:\/\/tvnovelas.com.br\/filmes\/wp-json\/wp\/v2\/types\/post"}],"author":[{"embeddable":true,"href":"https:\/\/tvnovelas.com.br\/filmes\/wp-json\/wp\/v2\/users\/1"}],"replies":[{"embeddable":true,"href":"https:\/\/tvnovelas.com.br\/filmes\/wp-json\/wp\/v2\/comments?post=14852"}],"version-history":[{"count":3,"href":"https:\/\/tvnovelas.com.br\/filmes\/wp-json\/wp\/v2\/posts\/14852\/revisions"}],"predecessor-version":[{"id":27591,"href":"https:\/\/tvnovelas.com.br\/filmes\/wp-json\/wp\/v2\/posts\/14852\/revisions\/27591"}],"wp:featuredmedia":[{"embeddable":true,"href":"https:\/\/tvnovelas.com.br\/filmes\/wp-json\/wp\/v2\/media\/4651"}],"wp:attachment":[{"href":"https:\/\/tvnovelas.com.br\/filmes\/wp-json\/wp\/v2\/media?parent=14852"}],"wp:term":[{"taxonomy":"category","embeddable":true,"href":"https:\/\/tvnovelas.com.br\/filmes\/wp-json\/wp\/v2\/categories?post=14852"},{"taxonomy":"post_tag","embeddable":true,"href":"https:\/\/tvnovelas.com.br\/filmes\/wp-json\/wp\/v2\/tags?post=14852"}],"curies":[{"name":"wp","href":"https:\/\/api.w.org\/{rel}","templated":true}]}}